{"id":6395,"date":"2015-06-09T11:00:09","date_gmt":"2015-06-09T08:00:09","guid":{"rendered":"http:\/\/www.primariacorbi.com\/?p=6395"},"modified":"2015-06-09T11:00:09","modified_gmt":"2015-06-09T08:00:09","slug":"s-a-dat-startul-unui-joc-cu-mari-perspective","status":"publish","type":"post","link":"https:\/\/www.primariacorbi.com\/?p=6395","title":{"rendered":"S-a dat startul unui joc cu mari perspective"},"content":{"rendered":"<h1 class=\"uk-article-title\"><\/h1>\n<p class=\"uk-article-meta\">\n<div>\n<p><img decoding=\"async\" class=\"pull-left\" src=\"http:\/\/www.argesexpres.ro\/images\/poze\/_2015\/06_iunie\/3947corbi.jpg\" alt=\"\" \/><\/p>\n<p>Ziua Interna\u0163ional\u0103 a Copilului a fost s\u0103rb\u0103torit\u0103 \u00eentr-un mod special \u00een comuna condus\u0103 de c\u0103tre primarul Virgil Baciu. Acesta, din postura de pre\u015fedinte al GAL F\u0103g\u0103ra\u015ful de Jos &#8222;\u0162inutul Posadelor&#8221;, a dat la ora 10.00 startul unui joc interactiv, la care au fost provoca\u0163i s\u0103 participe copiii \u015fi p\u0103rin\u0163ii lor. Scopul s\u0103u final este promovarea turistic\u0103 a localit\u0103\u0163ii, iar reprezentantul GAL, Radu Tudor, a precizat c\u0103 se pot \u00eenscrie pentru participare gratuit\u0103 1.200 participan\u0163i \u015fi i-a invitat \u015fi pe ceilal\u0163i parteneri care sus\u0163in aceast\u0103 ini\u0163iativ\u0103 s\u0103 urmeze exemplul de la Corbi \u015fi s\u0103-l lanseze \u015fi \u00een localit\u0103\u0163ile lor. \u00cen fapt, echipe de minim 2-3 copii, condu\u015fi de unul dintre p\u0103rin\u0163i, urmau s\u0103 primeasc\u0103 o traist\u0103 cu indicii, alc\u0103tuind pove\u015fti \u015fi, urm\u00e2nd pas cu pas indica\u0163iile, s\u0103 parcurg\u0103 toate etapele pentru a se orienta \u00een teren \u015fi a descoperi cum s-o ajute pe Cos\u00e2nzeana s\u0103 scape ea \u015fi Corbii de blestemul vr\u0103jitorilor. Participarea a fost extrem de entuziast\u0103 la chemarea primarului Baciu, socotit de copii prietenul cel mai bun, care le-a \u015fi mul\u0163umit la final pentru ajutorul dat comunit\u0103\u0163ii locale prin implicarea lor.<\/p>\n<p>Dintre primarii localit\u0103\u0163ilor membre \u00een GAL &#8222;\u0162inutul Posadelor&#8221; au fost prezen\u0163i Nicolae Barbu (Valea Ia\u015fului) \u015fi \u015etefan Benonie (Aninoasa), de\u015fi tuturor celorlal\u0163i li s-au trimis invita\u0163iile de rigoare. N-a fost omis nici Consiliul Jude\u0163ean, care a str\u0103lucit \u00eenc\u0103 o dat\u0103 prin absen\u0163\u0103. A bifat prezen\u0163a deputatul Mihai Deaconu, de-abia \u00eentors din zona Olteniei, unde a participat la anumite \u00eent\u00e2lniri de preg\u0103tire a constituirii unor organiza\u0163ii locale ale PND. Acestuia i s-a cerut sprijinul nu numai pe probleme de interes local, dar \u015fi dintr-o arie mai larg\u0103, care \u0163inea de anumite modific\u0103ri sau clarific\u0103ri ale legilor aflate \u00een vigoare, care sunt considerate absolut necesare de c\u0103tre cet\u0103\u0163eni \u015fi cei care-i conduc. Vom reveni asupra acestor aspecte.<\/p>\n<p>Pentru mai multe fotografii &#8211; click aici<\/p>\n<p>https:\/\/www.facebook.com\/photo.php?fbid=854575611246177&#038;set=a.854575444579527.1073741874.100000812382711&#038;type=1&#038;theater<\/p>\n<\/div>\n","protected":false},"excerpt":{"rendered":"<p>Ziua Interna\u0163ional\u0103 a Copilului a fost s\u0103rb\u0103torit\u0103 \u00eentr-un mod special \u00een comuna condus\u0103 de c\u0103tre primarul Virgil Baciu. Acesta, din postura de pre\u015fedinte al GAL F\u0103g\u0103ra\u015ful de Jos &#8222;\u0162inutul Posadelor&#8221;, a dat la ora 10.00 startul unui joc interactiv, la care au fost provoca\u0163i s\u0103 participe copiii \u015fi p\u0103rin\u0163ii lor. Scopul s\u0103u final este promovarea [&#8230;]<\/p>\n","protected":false},"author":1,"featured_media":0,"comment_status":"open","ping_status":"open","sticky":false,"template":"","format":"standard","meta":{"_monsterinsights_skip_tracking":false,"_monsterinsights_sitenote_active":false,"_monsterinsights_sitenote_note":"","_monsterinsights_sitenote_category":0,"footnotes":""},"categories":[3],"tags":[],"class_list":["post-6395","post","type-post","status-publish","format-standard","hentry","category-general"],"aioseo_notices":[],"_links":{"self":[{"href":"https:\/\/www.primariacorbi.com\/index.php?rest_route=\/wp\/v2\/posts\/6395","targetHints":{"allow":["GET"]}}],"collection":[{"href":"https:\/\/www.primariacorbi.com\/index.php?rest_route=\/wp\/v2\/posts"}],"about":[{"href":"https:\/\/www.primariacorbi.com\/index.php?rest_route=\/wp\/v2\/types\/post"}],"author":[{"embeddable":true,"href":"https:\/\/www.primariacorbi.com\/index.php?rest_route=\/wp\/v2\/users\/1"}],"replies":[{"embeddable":true,"href":"https:\/\/www.primariacorbi.com\/index.php?rest_route=%2Fwp%2Fv2%2Fcomments&post=6395"}],"version-history":[{"count":1,"href":"https:\/\/www.primariacorbi.com\/index.php?rest_route=\/wp\/v2\/posts\/6395\/revisions"}],"predecessor-version":[{"id":6396,"href":"https:\/\/www.primariacorbi.com\/index.php?rest_route=\/wp\/v2\/posts\/6395\/revisions\/6396"}],"wp:attachment":[{"href":"https:\/\/www.primariacorbi.com\/index.php?rest_route=%2Fwp%2Fv2%2Fmedia&parent=6395"}],"wp:term":[{"taxonomy":"category","embeddable":true,"href":"https:\/\/www.primariacorbi.com\/index.php?rest_route=%2Fwp%2Fv2%2Fcategories&post=6395"},{"taxonomy":"post_tag","embeddable":true,"href":"https:\/\/www.primariacorbi.com\/index.php?rest_route=%2Fwp%2Fv2%2Ftags&post=6395"}],"curies":[{"name":"wp","href":"https:\/\/api.w.org\/{rel}","templated":true}]}}