{"id":6361,"date":"2015-05-26T09:57:03","date_gmt":"2015-05-26T06:57:03","guid":{"rendered":"http:\/\/www.primariacorbi.com\/?p=6361"},"modified":"2015-06-03T14:22:06","modified_gmt":"2015-06-03T11:22:06","slug":"rapsodia-pastoreasca-45","status":"publish","type":"post","link":"https:\/\/www.primariacorbi.com\/?p=6361","title":{"rendered":"\u201eRapsodia p\u0103storeasc\u0103\u201d de la Corbi a 45 -a editie"},"content":{"rendered":"<p>[youtube]https:\/\/youtu.be\/VGWWCC_iur8[\/youtube]<\/p>\n<p><a href=\"http:\/\/www.primariacorbi.com\/?attachment_id=6385\" rel=\"attachment wp-att-6385\"><img loading=\"lazy\" decoding=\"async\" class=\"aligncenter  wp-image-6385\" src=\"http:\/\/www.primariacorbi.com\/wp-content\/uploads\/2015\/05\/deschidere-varianta-1-683x1024.jpg\" alt=\"deschidere varianta 1\" width=\"586\" height=\"880\" srcset=\"https:\/\/www.primariacorbi.com\/wp-content\/uploads\/2015\/05\/deschidere-varianta-1-683x1024.jpg 683w, https:\/\/www.primariacorbi.com\/wp-content\/uploads\/2015\/05\/deschidere-varianta-1-200x300.jpg 200w, https:\/\/www.primariacorbi.com\/wp-content\/uploads\/2015\/05\/deschidere-varianta-1.jpg 1504w\" sizes=\"auto, (max-width: 586px) 100vw, 586px\" \/><\/a><\/p>\n<p>Arge\u0219\/Corbi: \u201eRapsodia\u201d, la a 45-a edi\u021bie!<\/p>\n<p><a href=\"http:\/\/www.primariacorbi.com\/?attachment_id=6381\" rel=\"attachment wp-att-6381\"><img loading=\"lazy\" decoding=\"async\" class=\"aligncenter size-full wp-image-6381\" src=\"http:\/\/www.primariacorbi.com\/wp-content\/uploads\/2015\/05\/123.jpg\" alt=\"123\" width=\"600\" height=\"400\" srcset=\"https:\/\/www.primariacorbi.com\/wp-content\/uploads\/2015\/05\/123.jpg 600w, https:\/\/www.primariacorbi.com\/wp-content\/uploads\/2015\/05\/123-300x200.jpg 300w, https:\/\/www.primariacorbi.com\/wp-content\/uploads\/2015\/05\/123-120x80.jpg 120w\" sizes=\"auto, (max-width: 600px) 100vw, 600px\" \/><\/a><\/p>\n<p>Publicat: 27 Mai 2015<\/p>\n<p>Duminic\u0103, 24 mai, s-au \u00eemplinit 45 de ani de c\u00e2nd, la Corbi, una dintre cele mai frumoase comune de munte arge\u015fene, are loc Festivalul \u201cRapsodia P\u0103storeasc\u0103\u201d.\u00a0 Edi\u0163ia de anul acesta, pe care am putea-o denumi, extrapol\u00e2nd artistic cifra, jubiliar\u0103, a r\u0103sunat mai ad\u00e2nc \u00een sufletele ciobanilor, a invita\u0163ilor, a arti\u015ftilor prezen\u0163i, a participan\u0163ilor.<br \/>\nAsta pentru c\u0103, de la \u201eRapsodie\u201d la \u201eRapsodie\u201d, \u00een fiecare sf\u00e2r\u015fit de prim\u0103var\u0103 ni se \u00eent\u0103re\u015fte spiritualitatea de apartenen\u0163\u0103 la aceste meleaguri, ni se relev\u0103 mai clar spectaculozitatea ritualilor str\u0103vechi,\u00a0 frumuse\u0163ea re\u00eentoarcerii la origini, fericirea pur\u0103 izvor\u00e2t\u0103 din viersul popular \u015fi din admirarea costumelor tradi\u0163ionale rom\u00e2ne\u015fti.<br \/>\nDup\u0103 parada grupurilor de arti\u015fti ce a deschis manifest\u0103rile, pe platoul de la \u201cChilii\u201d, spectacolul a debutat, cum era \u015fi firesc, cu ansamblul gazdelor, \u201eCiob\u0103na\u015ful\u201d, forma\u0163ie a C\u0103minului Cultural Corbi, sub \u00eendrumarea directoarei Claudia Rotaru \u015fi a profesorului Petre Achimoiu. Au urmat grupuri de copii talenta\u0163i din Arge\u015f: Boteni, Rociu, Nuc\u015foara, Br\u0103dule\u0163 etc dar \u015fi din alte jude\u0163e: Sibiu &#8211; fra\u0163ii comunei Corbi de la Jina, Gorj, Prahova, Olt etc.<\/p>\n<p><a href=\"http:\/\/www.primariacorbi.com\/?attachment_id=6382\" rel=\"attachment wp-att-6382\"><img loading=\"lazy\" decoding=\"async\" class=\"aligncenter size-full wp-image-6382\" src=\"http:\/\/www.primariacorbi.com\/wp-content\/uploads\/2015\/05\/124.jpg\" alt=\"124\" width=\"600\" height=\"400\" srcset=\"https:\/\/www.primariacorbi.com\/wp-content\/uploads\/2015\/05\/124.jpg 600w, https:\/\/www.primariacorbi.com\/wp-content\/uploads\/2015\/05\/124-300x200.jpg 300w, https:\/\/www.primariacorbi.com\/wp-content\/uploads\/2015\/05\/124-120x80.jpg 120w\" sizes=\"auto, (max-width: 600px) 100vw, 600px\" \/><\/a><\/p>\n<p>Veveri\u0163ul Ri\u0163\u0103 &#8211; mascota Rapsodiei<\/p>\n<p>O surpriz\u0103 frumoas\u0103 au f\u0103cut copiii clasei de sculptur\u0103 din localitate, condus\u0103 de maestrul Ion Rodo\u015f, care \u015fi-au expus lucr\u0103rile \u015fi au f\u0103cut un cadou primarului comunei Corbi, Vasile Baciu. Cadoul a fost o sculptur\u0103 uria\u015f\u0103, reprezent\u00e2nd o veveri\u0163\u0103, la care to\u0163i elevii au lucrat.<br \/>\nNu a lipsit concursul de animale, organizat de Asocia\u0163ia cresc\u0103torilor din Corbi, condus\u0103 de dr. Ion S\u0103vescu. Primele trei locuri s-au premiat cu sume de 300, 100 \u015fi 50 lei. Cel mai bun la tineret ovin a fost Stelian Poenaru, la berbeci \u2013 Petre Rizoi \u015fi Irinel Petric\u0103. Mihai Oproiu a fost premiat pentru exemplarele sale de oi, dar \u015fi pentru cel mai t\u00e2n\u0103r \u015fi talentat baci, remarcat pentru calitatea deosebit\u0103 a br\u00e2nzei produse \u00een st\u00e2na sa. Lista premian\u0163ilor este destul de lung\u0103, dup\u0103 cum urmeaz\u0103: veteranul Ion M. Mucenic (care are peste 1.000 miei), Ion Mogaru, Petre Metehoiu, Sorin S\u0103roiu, Adrian Prodea, Dinel Constantin, Adrian Mucenic, Dumitru Liviu Oproiu, Gheorghe B\u0103beanu, Constantin N\u0103st\u0103sescu, Gheorghe Dragomir (Corb\u015fori), Gheorghe Belu (Sboghi\u0163e\u015fti \u2013 Nuc\u015foara), Gheorghe Preda (Br\u0103dule\u0163), Gheorghe Bebe\u015felea (Jina), Marin Mandea (B\u00eerla \u2013 femele ovine) \u015fi al\u0163ii. Primarul Virgil Baciu i-a acordat o diplom\u0103 \u015fi o plachet\u0103 doctorului Ion S\u0103vescu, omul care conduce o asocia\u0163ie cu peste 30.000 ovine.<br \/>\nConsiliul Local \u015fi Prim\u0103ria Corbi i-a onorat \u015fi pe cei mai v\u00e2rstnici dintre membrii comunit\u0103\u0163ii, pe cei care impresioneaz\u0103 prin exemplul de fidelitate \u015fi moralitate oferit tinerelor genera\u0163ii.<br \/>\nCupluri premiate pentru 50 de ani de c\u0103snicie:<br \/>\n1. Debe\u015felea Petre \u015fi Silvia<br \/>\n2. V\u00e2n\u0103toiu Iosif \u015fi Maria<br \/>\n3. Zamfir Gheorghe \u015fi Ana<br \/>\n4. Scovergea Ion \u015fi Valerica<br \/>\n5. M\u0103\u0163\u0103u Andrei \u015fi Elena<br \/>\n6. Bobeanu Ion \u015fi Viorica<br \/>\n7. Ologu Ion \u015fi Maria<br \/>\n8. M\u0103rtoiu Ion \u015fi Rodica<br \/>\n9. Dejanu Ion \u015fi Maria<br \/>\n10. Ioni\u0163\u0103 Vasile \u015fi Maria<br \/>\n11. Ilinescu Ion \u015fi Cornelia<br \/>\n12. Bucur Iosif \u015fi Victoria.<\/p>\n<p>\u00cen semn de pre\u0163uire pentru festival \u015fi pentru gazde, al\u0103turi de conducerea administra\u0163iei locale \u015fi de miile de participan\u0163i, au fost prezen\u0163i colegi primari din\u00a0 tot jude\u0163ul: Rociu, B\u00e2rla, H\u00e2rse\u015fti, Stolnici, Domne\u015fti, Pietro\u015fani, Br\u0103dule\u0163\u00a0 etc \u015fi reprezentan\u0163i ai Consiliului Jude\u0163ean Arge\u015f.<\/p>\n<p><a href=\"http:\/\/www.primariacorbi.com\/?attachment_id=6383\" rel=\"attachment wp-att-6383\"><img loading=\"lazy\" decoding=\"async\" class=\"aligncenter size-full wp-image-6383\" src=\"http:\/\/www.primariacorbi.com\/wp-content\/uploads\/2015\/05\/125.jpg\" alt=\"125\" width=\"600\" height=\"400\" srcset=\"https:\/\/www.primariacorbi.com\/wp-content\/uploads\/2015\/05\/125.jpg 600w, https:\/\/www.primariacorbi.com\/wp-content\/uploads\/2015\/05\/125-300x200.jpg 300w, https:\/\/www.primariacorbi.com\/wp-content\/uploads\/2015\/05\/125-120x80.jpg 120w\" sizes=\"auto, (max-width: 600px) 100vw, 600px\" \/><\/a><br \/>\nGazd\u0103 des\u0103v\u00e2r\u015fit\u0103, ca de obicei, primarul localit\u0103\u0163ii Corbi, Virgil Baciu a uimit pe to\u0163i cei prezen\u0163i nu doar prin modul de organizare al s\u0103rb\u0103torii, ci \u015fi prin vocea sa, urc\u00e2nd pe scen\u0103 al\u0103turi de arti\u015fti. \u201eTot ceea ce fac, de la investi\u0163iile \u00een comun\u0103, p\u00e2n\u0103 la acest festival, este pentru ca ceva s\u0103 r\u0103m\u00e2n\u0103 \u00een urma noastr\u0103, pentru ca localitatea s\u0103 aib\u0103 de c\u00e2\u015ftigat. Le spun oamenilor din Corbi \u015fi tuturor c\u0103 trebuie s\u0103 lu\u0103m aminte la cuvintele pline de \u00een\u0163elepciune ale \u00eenainta\u015filor: \u201eNu alege\u0163i \u00een fruntea voastr\u0103 pe cei ce se g\u00e2ndesc la alegerile viitoare, ci pe cei ce se g\u00e2ndesc la genera\u0163iile viitoare!\u201d. Aceasta este\u00a0 diferen\u0163a enorm\u0103 \u00eentre politicieni \u015fi oameni politici \u015fi acesta este \u015fi principiul meu \u00een calitate de primar al comunei Corbi!\u201d,\u00a0 a spus Virgil Baciu.<\/p>\n<p><a href=\"http:\/\/www.primariacorbi.com\/?attachment_id=6363\" rel=\"attachment wp-att-6363\"><img loading=\"lazy\" decoding=\"async\" class=\"aligncenter  wp-image-6363\" src=\"http:\/\/www.primariacorbi.com\/wp-content\/uploads\/2015\/05\/11312792_850768011626937_164732192227573282_o-1024x768.jpg\" alt=\"11312792_850768011626937_164732192227573282_o\" width=\"553\" height=\"414\" srcset=\"https:\/\/www.primariacorbi.com\/wp-content\/uploads\/2015\/05\/11312792_850768011626937_164732192227573282_o-1024x768.jpg 1024w, https:\/\/www.primariacorbi.com\/wp-content\/uploads\/2015\/05\/11312792_850768011626937_164732192227573282_o-300x225.jpg 300w, https:\/\/www.primariacorbi.com\/wp-content\/uploads\/2015\/05\/11312792_850768011626937_164732192227573282_o-160x120.jpg 160w, https:\/\/www.primariacorbi.com\/wp-content\/uploads\/2015\/05\/11312792_850768011626937_164732192227573282_o.jpg 2048w\" sizes=\"auto, (max-width: 553px) 100vw, 553px\" \/><\/a><\/p>\n<p>&nbsp;<\/p>\n<p>Duminic\u0103, un timp superb de prim\u0103var\u0103, \u00een ton cu sufletul oamenilor, a onorat Ziua comunei Corbi. Tradi\u0163ionala s\u0103rb\u0103toare p\u0103storeasc\u0103, ajuns\u0103 la o v\u00e2rst\u0103 care impune respectul, este legat\u0103 de ocupa\u0163ia de baz\u0103 a locuitorilor, cresc\u0103tori de animale din tat\u0103-n fiu. Potrivit declara\u0163iei primarului Virgil Baciu, localnicii care i-au primit cu bra\u0163ele deschise pe transilv\u0103nenii pribegi\u0163i la sud de Carpa\u0163i din cauza persecu\u0163iilor religioase \u015fi nu numai, acum c\u00e2teva sute de ani, au durat \u00een timp o comunitate de oameni gospodari \u015fi m\u00e2ndri de priceperea lor de a se descurca din roadele muncii. A\u015fa c\u0103 nu trebuie s\u0103 mire pe cineva c\u0103 la Rapsodia p\u0103storeasc\u0103 de la Corbi, parada dansului \u015fi portului popular care pleac\u0103 din centrul comunei \u015fi str\u0103bate drumul jude\u0163ean pentru a ajunge la strada Carului \u015fi apoi \u00een punctul La Chilii cuprinde reprezentan\u0163i ai numeroaselor comunit\u0103\u0163i subcarpatice, ce au primit infuzia de s\u00e2nge transilvan acum sute de ani. Rude ale localnicilor sunt cei de la Jina Sibiului, dar pe l\u00e2ng\u0103 ei apar cei de la Vaideenii \u015fi B\u0103benii V\u00e2lcii, de la Corbu (Olt) &#8211; cu vesti\u0163ii lor c\u0103lu\u015fari &#8211; de la Izvoarele (Prahova), de la Polovragi sau Baia de Fier (Gorj), dar \u015fi din vecin\u0103t\u0103\u0163ile imediate, cum ar fi Nuc\u015foara sau Gale\u015f, ori Botenii Arge\u015fului. Spectacolul este unul de excep\u0163ie, mai ales c\u00e2nd apar \u015fi c\u0103l\u0103re\u0163ii m\u00e2ndri cu caii lor &#8211; s\u0103m\u00e2n\u0163\u0103 de Ducipali &#8211; care parc\u0103 s-au hr\u0103nit cu jeratic.<\/p>\n<p><a href=\"http:\/\/www.primariacorbi.com\/?attachment_id=6364\" rel=\"attachment wp-att-6364\"><img loading=\"lazy\" decoding=\"async\" class=\"aligncenter  wp-image-6364\" src=\"http:\/\/www.primariacorbi.com\/wp-content\/uploads\/2015\/05\/10989234_850775541626184_9200071045565511674_o-1024x768.jpg\" alt=\"10989234_850775541626184_9200071045565511674_o\" width=\"552\" height=\"413\" srcset=\"https:\/\/www.primariacorbi.com\/wp-content\/uploads\/2015\/05\/10989234_850775541626184_9200071045565511674_o-1024x768.jpg 1024w, https:\/\/www.primariacorbi.com\/wp-content\/uploads\/2015\/05\/10989234_850775541626184_9200071045565511674_o-300x225.jpg 300w, https:\/\/www.primariacorbi.com\/wp-content\/uploads\/2015\/05\/10989234_850775541626184_9200071045565511674_o-160x120.jpg 160w, https:\/\/www.primariacorbi.com\/wp-content\/uploads\/2015\/05\/10989234_850775541626184_9200071045565511674_o.jpg 2048w\" sizes=\"auto, (max-width: 552px) 100vw, 552px\" \/><\/a><\/p>\n<p>Premii la expozi\u0163ia de animale<\/p>\n<p>&nbsp;<\/p>\n<p>Ca la orice eveniment cu tradi\u0163ie, expozi\u0163i de animale de la Corbi este una de excep\u0163ie prin exemplarele de ovine din rasa \u0163urcan\u0103, mai ales, dar \u015fi prin c\u00e2inii de paz\u0103 sau animalele de povar\u0103. Iar dintre c\u00e2ini s-a eviden\u0163iat unul de rasa Kangal, din Asia Central\u0103, impresionant prin col\u0163ii ce pot \u0163ine jivinele la distan\u0163\u0103, dar \u015fi prin cele 80 kg de mu\u015fchi puse pe o carcas\u0103 masiv\u0103. Acesta este proprietatea oe\u015fteanului Octavian Ambrinos \u015fi a atras cam toate obiectivele aparatelor de fotografiat sau filmat. Animalele expuse au st\u00e2rnit un interes deosebit vizitatorilor, iar puternica Asocia\u0163ie a cres\u0103torilor de ovine &#8222;Corbii de Piatr\u0103&#8221;, condus\u0103 de c\u0103tre medicul veterinar Ion S\u0103vescu, i-a premiat pe proprietari. Foarte interesant a fost faptul c\u0103 s-au primit pe l\u00e2ng\u0103 diplome \u015fi bani, chiar \u015fi pentru participare, dup\u0103 ce juriul condus de c\u0103tre un profesor universitar a deliberat \u015fi a decis care sunt animalele care merit\u0103 s\u0103 fie eviden\u0163iate. Primele trei locuri s-au premiat cu sume de 300, 100 \u015fi 50 lei. Cel mai bun la tineret ovin a fost Stelian Poenaru, la berbeci &#8211; Petre Rizoi \u015fi Irinel Petric\u0103. Mihai Oproiu a fost premiat pentru exemplarele sale de oi, dar \u015fi pentru cel mai t\u00e2n\u0103r \u015fi talentat baci, remarcat pentru calitatea deosebit\u0103 a br\u00e2nzei produse \u00een st\u00e2na sa. Lista premian\u0163ilor este destul de lung\u0103, dup\u0103 cum urmeaz\u0103: veteranul Ion M. Mucenic (care are peste 1.000 miei), Ion Mogaru, Petre Metehoiu, Sorin S\u0103roiu, Adrian Prodea, Dinel Constantin, Adrian Mucenic, Dumitru Liviu Oproiu, Gheorghe B\u0103beanu, Constantin N\u0103st\u0103sescu, Gheorghe Dragomir (Corb\u015fori), Gheorghe Belu (Sboghi\u0163e\u015fti &#8211; Nuc\u015foara), Gheorghe Preda (Br\u0103dule\u0163), Gheorghe Bebe\u015felea (Jina), Marin Mandea (B\u00eerla &#8211; femele ovine) \u015fi al\u0163ii. Primarul Virgil Baciu i-a acordat o diplom\u0103 \u015fi o plachet\u0103 doctorului Ion S\u0103vescu, omul care conduce o asocia\u0163ie cu peste 30.000 ovine.<\/p>\n<p><a href=\"http:\/\/www.primariacorbi.com\/?attachment_id=6372\" rel=\"attachment wp-att-6372\"><img loading=\"lazy\" decoding=\"async\" class=\"aligncenter  wp-image-6372\" src=\"http:\/\/www.primariacorbi.com\/wp-content\/uploads\/2015\/05\/11057650_850773084959763_7357473128279677186_o1-1024x658.jpg\" alt=\"11057650_850773084959763_7357473128279677186_o\" width=\"600\" height=\"385\" srcset=\"https:\/\/www.primariacorbi.com\/wp-content\/uploads\/2015\/05\/11057650_850773084959763_7357473128279677186_o1-1024x658.jpg 1024w, https:\/\/www.primariacorbi.com\/wp-content\/uploads\/2015\/05\/11057650_850773084959763_7357473128279677186_o1-300x193.jpg 300w, https:\/\/www.primariacorbi.com\/wp-content\/uploads\/2015\/05\/11057650_850773084959763_7357473128279677186_o1.jpg 1913w\" sizes=\"auto, (max-width: 600px) 100vw, 600px\" \/><\/a><\/p>\n<p>Omagiu familiilor cu 50 ani convie\u0163uire<\/p>\n<p>&nbsp;<\/p>\n<p>Comunitatea local\u0103 are tr\u0103inicie secular\u0103 tocmai prin unitatea familiilor bine \u00eenchegate, care nu se destram\u0103 la primele necazuri, ci str\u00e2ng r\u00e2ndurile \u015fi las\u0103 \u00een urma lor rodul muncii mo\u015ftenire urma\u015filor. Foarte normal \u015fi la Corbi s-au cinstit cuplurile cu vechime \u00een c\u0103snicie, care au primit diplome \u015fi premii b\u0103ne\u015fti simbolice. Anul acesta au fost premiate urm\u0103toarele cupluri: Silvia \u015fi Petre Bebe\u015felea; Elena \u015fi Andrei M\u0103\u0163\u0103u; Ana \u015fi Gheorghe Zamfir; Iosif \u015fi Lucica V\u00e2n\u0103toiu; Valerica \u015fi Ion Scoverdea; Viorica \u015fi Ion B\u0103beanu; Marina \u015fi Ion Ologu; Victoria \u015fi Iosif Bucur; Cornelia \u015fi Ionel Ilinescu; Maria \u015fi Vasile Ioni\u0163\u0103; Rodica \u015fi Ion M\u0103rtoiu; Maria \u015fi Ion Dejanu.<\/p>\n<p><a href=\"http:\/\/www.primariacorbi.com\/?attachment_id=6366\" rel=\"attachment wp-att-6366\"><img loading=\"lazy\" decoding=\"async\" class=\"aligncenter  wp-image-6366\" src=\"http:\/\/www.primariacorbi.com\/wp-content\/uploads\/2015\/05\/11110866_850773348293070_761696549389645386_o-1024x768.jpg\" alt=\"11110866_850773348293070_761696549389645386_o\" width=\"564\" height=\"424\" srcset=\"https:\/\/www.primariacorbi.com\/wp-content\/uploads\/2015\/05\/11110866_850773348293070_761696549389645386_o-1024x768.jpg 1024w, https:\/\/www.primariacorbi.com\/wp-content\/uploads\/2015\/05\/11110866_850773348293070_761696549389645386_o-300x225.jpg 300w, https:\/\/www.primariacorbi.com\/wp-content\/uploads\/2015\/05\/11110866_850773348293070_761696549389645386_o-160x120.jpg 160w, https:\/\/www.primariacorbi.com\/wp-content\/uploads\/2015\/05\/11110866_850773348293070_761696549389645386_o.jpg 2048w\" sizes=\"auto, (max-width: 564px) 100vw, 564px\" \/><\/a><\/p>\n<p>Mascota edi\u0163iei &#8211; veveri\u0163oiul Ri\u0163\u0103<\/p>\n<p>&nbsp;<\/p>\n<p>Aceasta este surpriza f\u0103cut\u0103 primarului \u015fi celor prezen\u0163i de c\u0103tre elevii care \u00eenva\u0163\u0103 s\u0103 fac\u0103 lemnul s\u0103 c\u00e2nte \u00een sculpturi sub \u00eendrumarea me\u015fterului popular Ion Rodo\u015f. Cea mai talentat\u0103 dintre feti\u0163e i-a d\u0103ruit lui Virgil Baciu un portret, pe care primarul l-a plasat rapid &#8222;primei doamne a comunei&#8221;. So\u0163ia dumnealui are acum cu ce-\u015fi potoli dorul, atunci c\u00e2nd st\u0103p\u00e2nul casei bate drumurile \u00een interesul ob\u015ftii pentru proiecte, documenta\u0163ii, avize \u015fi alte chestiuni administrative, care sunt de-a dreptul cronofage.<\/p>\n<p><a href=\"http:\/\/www.primariacorbi.com\/?attachment_id=6367\" rel=\"attachment wp-att-6367\"><img loading=\"lazy\" decoding=\"async\" class=\"aligncenter  wp-image-6367\" src=\"http:\/\/www.primariacorbi.com\/wp-content\/uploads\/2015\/05\/11231879_850776661626072_1846618665208806609_o-1024x768.jpg\" alt=\"11231879_850776661626072_1846618665208806609_o\" width=\"584\" height=\"438\" srcset=\"https:\/\/www.primariacorbi.com\/wp-content\/uploads\/2015\/05\/11231879_850776661626072_1846618665208806609_o-1024x768.jpg 1024w, https:\/\/www.primariacorbi.com\/wp-content\/uploads\/2015\/05\/11231879_850776661626072_1846618665208806609_o-300x225.jpg 300w, https:\/\/www.primariacorbi.com\/wp-content\/uploads\/2015\/05\/11231879_850776661626072_1846618665208806609_o-160x120.jpg 160w, https:\/\/www.primariacorbi.com\/wp-content\/uploads\/2015\/05\/11231879_850776661626072_1846618665208806609_o.jpg 2048w\" sizes=\"auto, (max-width: 584px) 100vw, 584px\" \/><\/a><\/p>\n<p>Primarul Baciu are coloan\u0103 vertebral\u0103!<\/p>\n<p>&nbsp;<\/p>\n<p>\u015ei a dovedit-o prin modul \u00een care s-a comportat cu pre\u015fedintele Consiliului Jude\u0163ean Arge\u015f, Florin Tec\u0103u, ajuns la eveniment dup\u0103 ora 13.30. Domnia sa a reiterat discursul standard despre sprijinul pe care-l acord\u0103 institu\u0163ia sa comunit\u0103\u0163ilor locale \u015fi a promis continuitate. Virgil Baciu, evident nu uitase c\u0103 fusese ignorat la ultima distribuire de fonduri pentru continuarea \u015fi finalizarea lucr\u0103rilor la re\u0163eaua comunal\u0103 de ap\u0103 \u015fi i-a spus-o verde \u00een fa\u0163\u0103 c\u0103 vrea s\u0103 vad\u0103 fapte \u015fi nu s\u0103 aud\u0103 doar vorbe frumoase, at\u00e2t de u\u015furele \u00eenc\u00e2t s\u0103 le ia v\u00e2ntul. Educa\u0163ia l-a determinat s\u0103 primeasc\u0103 tradi\u0163ionala plachet\u0103 de la Consiliul Jude\u0163ean, dar \u015fi s\u0103 ofere, din partea comunit\u0103\u0163ii locale, diplome \u015fi plachete oaspe\u0163ilor, \u00eencep\u00e2nd cu Florin Tec\u0103u \u015fi continu\u00e2nd cu primarii Nicolae Sm\u0103du (Domne\u015fti), Alecu Evlampie (Br\u0103dule\u0163), Niculaie Dragnea (B\u0103icule\u015fti), Drago\u015f Boncea (Poienarii de Arge\u015f), Eugeniu P\u0103tru (Pietro\u015fani), Aurel B\u0103l\u0103\u015foiu (Rociu), Pup\u0103z\u0103 Ro\u015fu (Stolnici), Ion Neac\u015fu (B\u00eerla), dar \u015fi omologului de la Corbu, consilierilor jude\u0163eni Gheorghe B\u0103nic\u0103 \u015fi Emanuel Tic\u0103.<\/p>\n<p><a href=\"http:\/\/www.primariacorbi.com\/?attachment_id=6368\" rel=\"attachment wp-att-6368\"><img loading=\"lazy\" decoding=\"async\" class=\"aligncenter  wp-image-6368\" src=\"http:\/\/www.primariacorbi.com\/wp-content\/uploads\/2015\/05\/11312589_850782251625513_5513175769743611657_o-1-1024x768.jpg\" alt=\"11312589_850782251625513_5513175769743611657_o (1)\" width=\"568\" height=\"426\" srcset=\"https:\/\/www.primariacorbi.com\/wp-content\/uploads\/2015\/05\/11312589_850782251625513_5513175769743611657_o-1-1024x768.jpg 1024w, https:\/\/www.primariacorbi.com\/wp-content\/uploads\/2015\/05\/11312589_850782251625513_5513175769743611657_o-1-300x225.jpg 300w, https:\/\/www.primariacorbi.com\/wp-content\/uploads\/2015\/05\/11312589_850782251625513_5513175769743611657_o-1-160x120.jpg 160w, https:\/\/www.primariacorbi.com\/wp-content\/uploads\/2015\/05\/11312589_850782251625513_5513175769743611657_o-1.jpg 2048w\" sizes=\"auto, (max-width: 568px) 100vw, 568px\" \/><\/a><\/p>\n<p>Spectacol folcloric de excep\u0163ie<\/p>\n<p>&nbsp;<\/p>\n<p>Ansamblurile prezente La Chilii au num\u0103rat peste 500 membri \u015fi s-au \u00eentrecut \u00een c\u00e2ntece \u015fi dansuri, \u00eenc\u00e2t cei mai v\u00e2rstnici au devenit nostalgici dup\u0103 vremurile de demult, \u00een care participau la Festivalul Na\u0163ional &#8222;C\u00e2ntarea Rom\u00e2niei&#8221;. N-au lipsit horele care au sfidat c\u0103ldura, dar nici buna dispozi\u0163ie de care a fost animat\u0103 mul\u0163imea de participan\u0163i, care a ajuns la ordinul miilor \u015fi a cinstit a\u015fa cum se cuvine bucatele \u015fi b\u0103uturile tradi\u0163ionale, afirm\u00e2nd cu t\u0103rie identitatea rom\u00e2neasc\u0103 a oamenilor tr\u0103itori pe aceste binecuv\u00e2ntate meleaguri. La Mul\u0163i Ani Corbi!<\/p>\n<p>&nbsp;<\/p>\n<p>Doru Bobi<\/p>\n<p>MAI MULTE FOTOGRAFII CLICK AICI<\/p>\n<p>https:\/\/www.facebook.com\/pages\/PRIMARIA-CORBI-ARGES\/133797833310822<\/p>\n","protected":false},"excerpt":{"rendered":"<p>[youtube]https:\/\/youtu.be\/VGWWCC_iur8[\/youtube]<\/p>\n<p>Arge\u0219\/Corbi: \u201eRapsodia\u201d, la a 45-a edi\u021bie!<\/p>\n<p>Publicat: 27 Mai 2015<br \/>\nDuminic\u0103, 24 mai, s-au \u00eemplinit 45 de ani de c\u00e2nd, la Corbi, una dintre cele mai frumoase comune de munte arge\u015fene, are loc Festivalul \u201cRapsodia P\u0103storeasc\u0103\u201d.\u00a0 Edi\u0163ia de anul acesta, pe care am putea-o denumi, extrapol\u00e2nd artistic cifra, jubiliar\u0103, a r\u0103sunat mai ad\u00e2nc \u00een sufletele ciobanilor, a [&#8230;]<\/p>\n","protected":false},"author":1,"featured_media":0,"comment_status":"open","ping_status":"open","sticky":false,"template":"","format":"standard","meta":{"_monsterinsights_skip_tracking":false,"_monsterinsights_sitenote_active":false,"_monsterinsights_sitenote_note":"","_monsterinsights_sitenote_category":0,"footnotes":""},"categories":[3],"tags":[1024],"class_list":["post-6361","post","type-post","status-publish","format-standard","hentry","category-general","tag-rapsodia-pastoresca-2015"],"aioseo_notices":[],"_links":{"self":[{"href":"https:\/\/www.primariacorbi.com\/index.php?rest_route=\/wp\/v2\/posts\/6361","targetHints":{"allow":["GET"]}}],"collection":[{"href":"https:\/\/www.primariacorbi.com\/index.php?rest_route=\/wp\/v2\/posts"}],"about":[{"href":"https:\/\/www.primariacorbi.com\/index.php?rest_route=\/wp\/v2\/types\/post"}],"author":[{"embeddable":true,"href":"https:\/\/www.primariacorbi.com\/index.php?rest_route=\/wp\/v2\/users\/1"}],"replies":[{"embeddable":true,"href":"https:\/\/www.primariacorbi.com\/index.php?rest_route=%2Fwp%2Fv2%2Fcomments&post=6361"}],"version-history":[{"count":10,"href":"https:\/\/www.primariacorbi.com\/index.php?rest_route=\/wp\/v2\/posts\/6361\/revisions"}],"predecessor-version":[{"id":6388,"href":"https:\/\/www.primariacorbi.com\/index.php?rest_route=\/wp\/v2\/posts\/6361\/revisions\/6388"}],"wp:attachment":[{"href":"https:\/\/www.primariacorbi.com\/index.php?rest_route=%2Fwp%2Fv2%2Fmedia&parent=6361"}],"wp:term":[{"taxonomy":"category","embeddable":true,"href":"https:\/\/www.primariacorbi.com\/index.php?rest_route=%2Fwp%2Fv2%2Fcategories&post=6361"},{"taxonomy":"post_tag","embeddable":true,"href":"https:\/\/www.primariacorbi.com\/index.php?rest_route=%2Fwp%2Fv2%2Ftags&post=6361"}],"curies":[{"name":"wp","href":"https:\/\/api.w.org\/{rel}","templated":true}]}}