{"id":6352,"date":"2015-05-26T08:35:08","date_gmt":"2015-05-26T05:35:08","guid":{"rendered":"http:\/\/www.primariacorbi.com\/?p=6352"},"modified":"2015-05-26T08:43:25","modified_gmt":"2015-05-26T05:43:25","slug":"rapsodia-pastoreasca-de-la-corbi-cantata-pe-mii-de-voci-2","status":"publish","type":"post","link":"https:\/\/www.primariacorbi.com\/?p=6352","title":{"rendered":"\u201eRapsodia p\u0103storeasc\u0103\u201d de la Corbi c\u00e2ntat\u0103 pe mii de voci"},"content":{"rendered":"<p>Primarul Virgil Baciu \u015fi \u201earipa\u201d t\u00e2n\u0103r\u0103<br \/>\n<a href=\"http:\/\/www.primariacorbi.com\/?attachment_id=6358\" rel=\"attachment wp-att-6358\"><img loading=\"lazy\" decoding=\"async\" class=\"aligncenter  wp-image-6358\" src=\"http:\/\/www.primariacorbi.com\/wp-content\/uploads\/2015\/05\/corbi01.jpg\" alt=\"corbi01\" width=\"514\" height=\"611\" srcset=\"https:\/\/www.primariacorbi.com\/wp-content\/uploads\/2015\/05\/corbi01.jpg 673w, https:\/\/www.primariacorbi.com\/wp-content\/uploads\/2015\/05\/corbi01-252x300.jpg 252w\" sizes=\"auto, (max-width: 514px) 100vw, 514px\" \/><\/a><a href=\"http:\/\/www.primariacorbi.com\/?attachment_id=6353\" rel=\"attachment wp-att-6353\"><br \/>\n<\/a><br \/>\nDuminic\u0103 a plouat cu\u2026 lume la a 45-a edi\u0163ie a \u201eRapsodiei p\u0103store\u015fti\u201d de la Corbi, pe plaiurile mioritice p\u0103storite de primarul Virgil Baciu ajung\u00e2nd mii de oameni din toate col\u0163urile Arge\u015fului, dar \u015fi din alte jude\u0163e. \u00centr-un decor de poveste, un num\u0103r record de participan\u0163i a gustat din deliciile manifest\u0103rii ce ocup\u0103 un loc frunta\u015f \u00een albumul celor mai frumoase amintiri legate de zilele comunelor arge\u015fene.<\/p>\n<p>Ingredientele unei manifest\u0103ri reu\u015fite<\/p>\n<p>Parada portului popular, defilarea cailor \u015fi c\u0103l\u0103re\u0163ilor g\u0103ti\u0163i \u00een costume na\u0163ionale, spectacolul folcloric \u00eempletit de ansamblurile participante (Arge\u015f, Gorj, Sibiu, V\u00e2lcea, Olt, Bra\u015fov \u015fi Constan\u0163a) \u015fi expozi\u0163ia celor mai frumoase animale au fost ingredientele-cheie ale manifest\u0103rii tradi\u0163ionale asezonate cu voie-bun\u0103. \u015ei \u00een acest an, ciobanii care-\u015fi urc\u0103 oile la munte \u015fi-au scos fluierele din m\u00e2necile cojoacelor \u015fi au doinit pe drumul \u201eRapsodiei\u201d. Pornit\u0103 din centru civic al comunei, manifestarea \u015fi-a deschis aripile mai aproape de cer, pe coama unui deal, \u00een punctul numit de localnici \u201eLa Chilii\u201d, \u00eentruc\u00e2t se afl\u0103 \u00een apropierea unor pe\u015fteri \u00een care au locuit, cu mult timp \u00een urm\u0103, c\u0103lug\u0103ri. Aici au fost premiate, de c\u0103tre autoritatea public\u0103 local\u0103, cuplurile care au \u00eemplinit 50 de ani de c\u0103s\u0103torie, familiile primind diplome de recuno\u015ftin\u0163\u0103, flori \u015fi sume de bani. Iar Asocia\u0163ia \u201eCorbii de Piatr\u0103\u201d i-a premiat pe de\u0163in\u0103torii celor mai frumoase animale (oi \u201em\u00e2ndre \u015fi cornute\u201d, cai \u201e\u00eenv\u0103\u0163a\u0163i\u201d \u015fi c\u00e2ini ciob\u0103ne\u015fti \u201emai b\u0103rba\u0163i\u201d).<\/p>\n<p>Defilarea cailor \u015fi c\u0103l\u0103re\u0163ilor<br \/>\n<a href=\"http:\/\/www.primariacorbi.com\/?attachment_id=6354\" rel=\"attachment wp-att-6354\"><img loading=\"lazy\" decoding=\"async\" class=\"aligncenter  wp-image-6354\" src=\"http:\/\/www.primariacorbi.com\/wp-content\/uploads\/2015\/05\/corbi02.jpg\" alt=\"corbi02\" width=\"509\" height=\"382\" srcset=\"https:\/\/www.primariacorbi.com\/wp-content\/uploads\/2015\/05\/corbi02.jpg 800w, https:\/\/www.primariacorbi.com\/wp-content\/uploads\/2015\/05\/corbi02-300x225.jpg 300w, https:\/\/www.primariacorbi.com\/wp-content\/uploads\/2015\/05\/corbi02-160x120.jpg 160w\" sizes=\"auto, (max-width: 509px) 100vw, 509px\" \/><\/a><br \/>\nDefilarea cailor \u015fi c\u0103l\u0103re\u0163ilor<br \/>\nBucuro\u015fi de oaspe\u0163i!<\/p>\n<p>Niciun parlamentar n-a\u2026 gl\u0103suit la \u201eRapsodia\u201d din acest an, \u00een schimb au savurat frumuse\u0163ea s\u0103rb\u0103torii pre\u015fedintele Consiliului Jude\u0163ean, Florin Tec\u0103u, numero\u015fi consilieri jude\u0163eni, D\u0103nu\u0163 Bica, copre\u015fedinte PNL Arge\u015f, primarii din B\u00e2rla (Ion Neac\u015fu), B\u0103icule\u015fti (Nicolaie Dragnea), Domne\u015fti (Nicolae Sm\u0103du), H\u00e2rse\u015fti (Ionel Moloiu), M\u0103lureni (Alexandru Adrian Cristescu), Pietro\u015fani (Eugeniu P\u0103tru), Poienarii de Arge\u015f (Drago\u015f Nicolae Boncea), Rociu (Aurel B\u0103l\u0103\u015foiu), Stolnici (Sevastian Ro\u015fu Pup\u0103z\u0103), dar \u015fi edili-\u015fefi din localit\u0103\u0163i ale jude\u0163elor invitate.<\/p>\n<p>M\u00e2ndra manifestare a fost organizat\u0103 sub egida Consiliului Jude\u0163ean Arge\u015f de Prim\u0103ria \u015fi Consiliul Local Corbi, \u00een parteneriat cu c\u0103minul cultural din localitatea binecuv\u00e2ntat\u0103 cu oameni gospodari \u015fi Centrul Jude\u0163ean pentru Conservarea Culturii Tradi\u0163ionale Arge\u015f.<\/p>\n<p>Parada portului popular<br \/>\n<a href=\"http:\/\/www.primariacorbi.com\/?attachment_id=6355\" rel=\"attachment wp-att-6355\"><img loading=\"lazy\" decoding=\"async\" class=\"aligncenter  wp-image-6355\" src=\"http:\/\/www.primariacorbi.com\/wp-content\/uploads\/2015\/05\/corbi03.jpg\" alt=\"corbi03\" width=\"503\" height=\"377\" srcset=\"https:\/\/www.primariacorbi.com\/wp-content\/uploads\/2015\/05\/corbi03.jpg 800w, https:\/\/www.primariacorbi.com\/wp-content\/uploads\/2015\/05\/corbi03-300x225.jpg 300w, https:\/\/www.primariacorbi.com\/wp-content\/uploads\/2015\/05\/corbi03-160x120.jpg 160w\" sizes=\"auto, (max-width: 503px) 100vw, 503px\" \/><\/a><br \/>\nParada portului popular<br \/>\n\u201eS\u0103 v\u0103 ajute Dumnezeu!\u201d<\/p>\n<p>Pentru p\u0103strarea tradi\u0163iilor \u015fi contribu\u0163ia adus\u0103 la dezvoltatrea comunit\u0103\u0163ii, Consiliul Local \u015fi Prim\u0103ria Corbi \u015fi-au \u00eembog\u0103\u0163it palmaresul cu o diplom\u0103 de excelen\u0163\u0103 acordat\u0103 de pre\u015fedintele Consiliului Jude\u0163ean, Florin Tec\u0103u, \u00een numele institu\u0163iei pe care o reprezint\u0103. Aceast\u0103 distinc\u0163ie a fost \u00eenm\u00e2nat\u0103 primarului Virgi Baciu \u201ela pachet\u201d cu ur\u0103rile\u2026 colective \u015fi felicit\u0103rile personale, rostite la scen\u0103 deschis\u0103: \u201eS\u0103 v\u0103 tr\u0103iasc\u0103 copiii \u015fi familiile! S\u0103 ave\u0163i o var\u0103 bogat\u0103 \u015fi o toamn\u0103 plin\u0103 de roade! S\u0103 v\u0103 ajute Dumnezeu \u00een ceea ce face\u0163i! Primarul avea dreptate: ca s\u0103 putem c\u00e2\u015ftiga, ca s\u0103 putem realiza ce ne-am propus \u015fi ce v\u0103 dori\u0163i dumneavoastr\u0103, trebuie s\u0103 form\u0103m o echip\u0103! Indiferent de interesele politice, trebuie s\u0103 fim \u00een slujba cet\u0103\u0163enilor \u015fi \u00een slujba comunit\u0103\u0163ii! \u00cel felicit pe primar c\u0103 a reu\u015fit s\u0103 finalizeze \u015fi s\u0103 desf\u0103\u015foare proiecte care v\u0103 fac via\u0163a mai u\u015foar\u0103\u201d. \u201eEu vreau s\u0103 le mul\u0163umesc, \u00een primul r\u00e2nd, corbenilor pentru contribu\u0163ia lor la p\u0103strarea tradi\u0163iilor \u015fi, totodat\u0103, le sunt recunosc\u0103tor tuturor participan\u0163ilor de la acest minunat eveniment\u201d, a replicat primarul.<br \/>\nPosted By: Mirela NeagoePosted date: mai 26,ziarul Argesul<\/p>\n<p>MAI MULTE FOTOGRAFII DE LA RAPSODIE \u00a0AICI<\/p>\n<p>https:\/\/www.facebook.com\/pages\/PRIMARIA-CORBI-ARGES\/133797833310822<\/p>\n","protected":false},"excerpt":{"rendered":"<p>Primarul Virgil Baciu \u015fi \u201earipa\u201d t\u00e2n\u0103r\u0103<\/p>\n<p>Duminic\u0103 a plouat cu\u2026 lume la a 45-a edi\u0163ie a \u201eRapsodiei p\u0103store\u015fti\u201d de la Corbi, pe plaiurile mioritice p\u0103storite de primarul Virgil Baciu ajung\u00e2nd mii de oameni din toate col\u0163urile Arge\u015fului, dar \u015fi din alte jude\u0163e. \u00centr-un decor de poveste, un num\u0103r record de participan\u0163i a gustat din deliciile manifest\u0103rii [&#8230;]<\/p>\n","protected":false},"author":1,"featured_media":0,"comment_status":"open","ping_status":"open","sticky":false,"template":"","format":"standard","meta":{"_monsterinsights_skip_tracking":false,"_monsterinsights_sitenote_active":false,"_monsterinsights_sitenote_note":"","_monsterinsights_sitenote_category":0,"footnotes":""},"categories":[3],"tags":[],"class_list":["post-6352","post","type-post","status-publish","format-standard","hentry","category-general"],"aioseo_notices":[],"_links":{"self":[{"href":"https:\/\/www.primariacorbi.com\/index.php?rest_route=\/wp\/v2\/posts\/6352","targetHints":{"allow":["GET"]}}],"collection":[{"href":"https:\/\/www.primariacorbi.com\/index.php?rest_route=\/wp\/v2\/posts"}],"about":[{"href":"https:\/\/www.primariacorbi.com\/index.php?rest_route=\/wp\/v2\/types\/post"}],"author":[{"embeddable":true,"href":"https:\/\/www.primariacorbi.com\/index.php?rest_route=\/wp\/v2\/users\/1"}],"replies":[{"embeddable":true,"href":"https:\/\/www.primariacorbi.com\/index.php?rest_route=%2Fwp%2Fv2%2Fcomments&post=6352"}],"version-history":[{"count":4,"href":"https:\/\/www.primariacorbi.com\/index.php?rest_route=\/wp\/v2\/posts\/6352\/revisions"}],"predecessor-version":[{"id":6360,"href":"https:\/\/www.primariacorbi.com\/index.php?rest_route=\/wp\/v2\/posts\/6352\/revisions\/6360"}],"wp:attachment":[{"href":"https:\/\/www.primariacorbi.com\/index.php?rest_route=%2Fwp%2Fv2%2Fmedia&parent=6352"}],"wp:term":[{"taxonomy":"category","embeddable":true,"href":"https:\/\/www.primariacorbi.com\/index.php?rest_route=%2Fwp%2Fv2%2Fcategories&post=6352"},{"taxonomy":"post_tag","embeddable":true,"href":"https:\/\/www.primariacorbi.com\/index.php?rest_route=%2Fwp%2Fv2%2Ftags&post=6352"}],"curies":[{"name":"wp","href":"https:\/\/api.w.org\/{rel}","templated":true}]}}