{"id":6307,"date":"2015-05-04T14:06:06","date_gmt":"2015-05-04T11:06:06","guid":{"rendered":"http:\/\/www.primariacorbi.com\/?p=6307"},"modified":"2015-05-04T14:06:21","modified_gmt":"2015-05-04T11:06:21","slug":"6307","status":"publish","type":"post","link":"https:\/\/www.primariacorbi.com\/?p=6307","title":{"rendered":"Culturi vegetale pentru care primi\u021bi pl\u0103\u021bi cuplate"},"content":{"rendered":"<h1><\/h1>\n<div class=\"clear\"><\/div>\n<div class=\"info_articol\"><\/div>\n<div class=\"content_articol\">\n<div class=\"column\"><a title=\"Galerie Foto - Starea culturilor\" href=\"http:\/\/www.revista-ferma.ro\/galerie-foto\/cultura-mare\/starea-culturilor.html\" target=\"_blank\"><img decoding=\"async\" src=\"http:\/\/www.revista-ferma.ro\/apps\/ferma\/resources\/imagini\/833ae44850cfb49e6b9f59d3aba92cb7_starea_principal_artBig.jpg\" alt=\"\" \/><\/a><\/div>\n<div>\n<p>Culturile vegetale pentru care fermierii rom\u00e2ni vor primi pl\u0103\u021bi cuplate \u00een perioada 2015-2020 sunt, potrivit HG 219\/2015 (M.Of. \u00a0224\/2.04.2015): soia, lucern\u0103, maz\u0103re boabe pentru industrializare, fasole boabe pentru industrializare, c\u00e2nep\u0103 pentru ulei \u0219i fibre, orez, s\u0103m\u00e2n\u021b\u0103 de cartof, hamei, sfecl\u0103 de zah\u0103r, tomate pentru industrializare cultivate \u00een c\u00e2mp, castrave\u021bi pentru industrializare cultiva\u021bi \u00een c\u00e2mp, legume cultivate \u00een sere: tomate, castrave\u021bi, ardei, varz\u0103 pentru consum \u00een stare proasp\u0103t\u0103 \u0219i castrave\u021bi pentru industrializare, legume cultivate \u00een solarii: tomate, castrave\u021bi, ardei, varz\u0103 \u0219i vinete pentru consum \u00een stare proasp\u0103t\u0103 \u0219i castrave\u021bi pentru industrializare, prune pentru industrializare, mere pentru industrializare, cire\u0219e \u0219i vi\u0219ine pentru industrializare, caise \u0219i zarz\u0103re pentru industrializare \u0219i cartof timpuriu pentru industrializare.<\/p>\n<p>Tot \u00een sectorul vegetal, pe l\u00e2ng\u0103 plata direct\u0103 pe suprafa\u021b\u0103 din bani europeni (SAPS) \u0219i Ajutoarele Na\u021bionale Tranzitorii (ANT), fermierii care cultiv\u0103 in pentru fibr\u0103, c\u00e2nep\u0103 pentru fibr\u0103, tutun, hamei \u0219i sfecl\u0103 de zah\u0103r vor primi sume suplimentare din bugetul na\u021bional.<\/p>\n<p>Schema de sprijin cuplat va fi finan\u021bat\u0103 din Fondul European de Garantare Agricol\u0103 (FEGA).<\/p>\n<div><\/div>\n<\/div>\n<div class=\"author\"><a title=\"Vezi toate articolele scrise de Ferma\" href=\"http:\/\/www.revista-ferma.ro\/autori-ferma\/culturi-vegetale-pentru-care-primiti-plati-cuplate.html\"><em>Ferma<\/em><\/a><\/div>\n<\/div>\n<div class=\"clear\"><\/div>\n","protected":false},"excerpt":{"rendered":"<p>Culturile vegetale pentru care fermierii rom\u00e2ni vor primi pl\u0103\u021bi cuplate \u00een perioada 2015-2020 sunt, potrivit HG 219\/2015 (M.Of. \u00a0224\/2.04.2015): soia, lucern\u0103, maz\u0103re boabe pentru industrializare, fasole boabe pentru industrializare, c\u00e2nep\u0103 pentru ulei \u0219i fibre, orez, s\u0103m\u00e2n\u021b\u0103 de cartof, hamei, sfecl\u0103 de zah\u0103r, tomate pentru industrializare cultivate \u00een c\u00e2mp, castrave\u021bi pentru industrializare cultiva\u021bi \u00een c\u00e2mp, legume [&#8230;]<\/p>\n","protected":false},"author":1,"featured_media":0,"comment_status":"open","ping_status":"open","sticky":false,"template":"","format":"standard","meta":{"_monsterinsights_skip_tracking":false,"_monsterinsights_sitenote_active":false,"_monsterinsights_sitenote_note":"","_monsterinsights_sitenote_category":0,"footnotes":""},"categories":[3],"tags":[1014],"class_list":["post-6307","post","type-post","status-publish","format-standard","hentry","category-general","tag-plati-cuplate"],"aioseo_notices":[],"_links":{"self":[{"href":"https:\/\/www.primariacorbi.com\/index.php?rest_route=\/wp\/v2\/posts\/6307","targetHints":{"allow":["GET"]}}],"collection":[{"href":"https:\/\/www.primariacorbi.com\/index.php?rest_route=\/wp\/v2\/posts"}],"about":[{"href":"https:\/\/www.primariacorbi.com\/index.php?rest_route=\/wp\/v2\/types\/post"}],"author":[{"embeddable":true,"href":"https:\/\/www.primariacorbi.com\/index.php?rest_route=\/wp\/v2\/users\/1"}],"replies":[{"embeddable":true,"href":"https:\/\/www.primariacorbi.com\/index.php?rest_route=%2Fwp%2Fv2%2Fcomments&post=6307"}],"version-history":[{"count":2,"href":"https:\/\/www.primariacorbi.com\/index.php?rest_route=\/wp\/v2\/posts\/6307\/revisions"}],"predecessor-version":[{"id":6309,"href":"https:\/\/www.primariacorbi.com\/index.php?rest_route=\/wp\/v2\/posts\/6307\/revisions\/6309"}],"wp:attachment":[{"href":"https:\/\/www.primariacorbi.com\/index.php?rest_route=%2Fwp%2Fv2%2Fmedia&parent=6307"}],"wp:term":[{"taxonomy":"category","embeddable":true,"href":"https:\/\/www.primariacorbi.com\/index.php?rest_route=%2Fwp%2Fv2%2Fcategories&post=6307"},{"taxonomy":"post_tag","embeddable":true,"href":"https:\/\/www.primariacorbi.com\/index.php?rest_route=%2Fwp%2Fv2%2Ftags&post=6307"}],"curies":[{"name":"wp","href":"https:\/\/api.w.org\/{rel}","templated":true}]}}