{"id":6301,"date":"2015-05-04T13:28:06","date_gmt":"2015-05-04T10:28:06","guid":{"rendered":"http:\/\/www.primariacorbi.com\/?p=6301"},"modified":"2015-05-04T13:28:06","modified_gmt":"2015-05-04T10:28:06","slug":"tot-ce-trebuie-sa-stii-despre-atestatul-de-producator-si-carnetul-de-comercializare-a-produselor-din-sectorul-agricol-legea-in-vigoare-de-la-1-mai","status":"publish","type":"post","link":"https:\/\/www.primariacorbi.com\/?p=6301","title":{"rendered":"Tot ce trebuie s\u0103 \u0219tii despre atestatul de produc\u0103tor \u015fi carnetul de comercializare a produselor din sectorul agricol. Legea, \u00een vigoare de la, 1 mai!"},"content":{"rendered":"<p>&nbsp;<\/p>\n<p>\u00cen conformitate cu prevederile art. 4 din Legea nr. 145\/2014 pentru stabilirea unor m\u0103suri de reglemantare a pie\u0163ei produselor din sectorul agricol, Atestatul de produc\u0103tor se elibereaz\u0103 de c\u0103tre primar \u00een termen de 5 zile lucr\u0103toare de la data solicit\u0103rii, cu avizul consultativ al structurilor asociative profesionale\/patronale\/sindicate din agricultur\u0103, constituite potrivit legii, organizate la nivel local \u015fi jude\u0163ean \u015fi \u00eenregistrate la prim\u0103riile comunelor, ora\u015felor, municipiilor.<\/p>\n<p>Pentru autorit\u0103\u0163ile administra\u0163iei locale la care nu s-a \u00eenregistrat nicio structur\u0103 asociativ\u0103, atribu\u0163iile privind eliberarea Atestatului de produc\u0103tor se duc la \u00eendeplinire de c\u0103tre entit\u0103\u0163ile mandatate \u00een acest scop de Ministerul Agriculturii \u015fi Dezvolt\u0103rii Rurale sau dup\u0103 caz, de c\u0103tre Consiliile jude\u0163ene.<\/p>\n<p><a href=\"http:\/\/www.primariacorbi.com\/?attachment_id=6302\" rel=\"attachment wp-att-6302\"><img loading=\"lazy\" decoding=\"async\" class=\"aligncenter  wp-image-6302\" src=\"http:\/\/www.primariacorbi.com\/wp-content\/uploads\/2015\/05\/1.jpg\" alt=\"1\" width=\"462\" height=\"308\" srcset=\"https:\/\/www.primariacorbi.com\/wp-content\/uploads\/2015\/05\/1.jpg 600w, https:\/\/www.primariacorbi.com\/wp-content\/uploads\/2015\/05\/1-300x200.jpg 300w, https:\/\/www.primariacorbi.com\/wp-content\/uploads\/2015\/05\/1-120x80.jpg 120w\" sizes=\"auto, (max-width: 462px) 100vw, 462px\" \/><\/a><\/p>\n<p>Fa\u0163\u0103 de prevederile de mai sus, Ministerul Agriculturii \u015fi Dezvolt\u0103rii Rurale prin adresa nr. 158733 din 31.03.2015, comunic\u0103 faptul c\u0103 entit\u0103\u0163ile teritoriale stabilite \u00een acest scop sunt direc\u0163iile pentru agricultur\u0103 jude\u0163ene, respectiv Direc\u0163ia pentru Agricultur\u0103 Bistri\u0163a-N\u0103s\u0103ud.<\/p>\n<p>Produc\u0103torii agricoli persoane fizice care doresc s\u0103 \u00ee\u0219i v\u00e2nd\u0103 produsele ob\u021binute \u00een gospod\u0103ria proprie trebuie s\u0103 elibereze cump\u0103r\u0103torilor unele documente asimilabile unor chitan\u021be. Ace\u0219tia sunt obliga\u021bi s\u0103 de\u021bin\u0103 \u015fi un atestat de produc\u0103tor, care \u00eenlocuie\u015fte certificatul de produc\u0103tor. Cei care nu vor respecta aceste reguli risc\u0103 amenzi de p\u00e2n\u0103 la 22.500 lei.<\/p>\n<p>Produc\u0103torii agricoli persoane fizice care vor s\u0103 comercializeze produse agricole vor trebui, mai \u00eent\u00e2i, s\u0103 ob\u021bin\u0103 atestatul de produc\u0103tor, \u00een locul certificatului de produc\u0103tor. Atestatul de produc\u0103tor reprezint\u0103 documentul eliberat persoanei fizice care desf\u0103\u0219oar\u0103 activitate economic\u0103 \u00een sectorul agricol, valabil pentru titularul acestuia, \u0219i care atest\u0103 calitatea de produc\u0103tor agricol persoan\u0103 fizic\u0103. Acest document cuprinde numele \u0219i prenumele produc\u0103torului agricol, precum \u0219i denumirea produselor \u0219i suprafata de teren exploatat\u0103, respectiv efectivele de animale, care sunt \u00eenregistrate \u00een registrul agricol organizat de autorit\u0103\u021bile administra\u021biei publice locale pe a c\u0103ror raz\u0103 se afl\u0103 terenul\/ferma\/gospod\u0103ria.<\/p>\n<p>Atestatul de produc\u0103tor este valabil un an calendaristic de la data emiterii \u015fi este vizat semestrial, prin aplicarea \u0219tampilei \u0219i a semn\u0103turii primarului comunei, ora\u0219ului, municipiului, dup\u0103 caz.<\/p>\n<p>Documentul se elibereaz\u0103, la cerere, persoanelor fizice, dup\u0103 ce autorit\u0103\u021bile verific\u0103, at\u00e2t pe baza datelor din registrul agricol, c\u00e2t \u015fi pe baza celor din teren, dac\u0103 exist\u0103 suprafe\u021bele de teren, respectiv efectivele de animale pentru care se solicit\u0103 eliberarea atestatului de produc\u0103tor.<\/p>\n<p>Ulterior, primarul elibereaz\u0103 atestatul de produc\u0103tor \u00een termen de 5 zile lucr\u0103toare de la data solicit\u0103rii, cu avizul consultativ al structurilor asociative profesionale\/ patronale\/ sindicale din agricultur\u0103, dup\u0103 caz, constituite potrivit legii \u0219i organizate la nivel local \u0219i jude\u021bean.<\/p>\n<p>Certificatele emise \u00een temeiul HG nr. 661\/2001 pot fi utilizate p\u00e2n\u0103 la expirarea perioadei de valabilitate a vizei aplicate pe acestea, dar nu mai t\u00e2rziu de 180 de zile de la data intr\u0103rii \u00een vigoare a Legii nr. 145\/2014, adic\u0103 p\u00e2n\u0103 la data de 1 mai 2015.<\/p>\n<p>Agricultorii persoane fizice care au atestat de produc\u0103tor vor putea s\u0103 v\u00e2nd\u0103 produsele ob\u021binute \u00een ferma \/gospod\u0103ria proprie fie \u00een pia\u021b\u0103, fie altor comercian\u021bi, \u00eens\u0103 vor trebui s\u0103 aib\u0103 \u0219i un Carnet de comercializare a produselor din sectorul agricol.<\/p>\n<p>Acest carnet de comercializare este documentul utilizat de persoana fizic\u0103 care de\u021bine atestat de produc\u0103tor, precum \u0219i de so\u021bul\/so\u021bia, rudele\/afinii de gradul I, dup\u0103 caz, pentru exercitarea actului de comer\u021b cu ridicata sau comer\u021b cu amanuntul a produselor agricole ob\u021binute \u00een ferma\/ gospod\u0103ria proprie.<\/p>\n<p>V\u00e2nzarea produselor cump\u0103rate de la ter\u021be persoane \u00een baza carnetului de comercializare este interzis\u0103. Carnetul de comercializare se va utiliza exclusiv pentru produse vegetale, produse zootehnice, precum \u0219i pentru produse apicole.<\/p>\n<p>La fel ca atestatul de produc\u0103tor, \u0219i carnetul de comercializare se va elibera la cerere de c\u0103tre primarul pe a c\u0103rui raz\u0103 de competen\u021b\u0103 se afl\u0103 terenul\/ferma\/gospod\u0103ria \u00een care se ob\u021bin produsele estimate a fi destinate comercializ\u0103rii, \u00een termen de 5 zile lucr\u0103toare de la data solicit\u0103rii, dar dup\u0103 verificarea existen\u021bei atestatului de produc\u0103tor, precum \u0219i dup\u0103 verificarea faptic\u0103 \u00een teren a existen\u021bei produsului\/produselor supuse comercializarii, se mentioneaz\u0103 \u00een noile reglement\u0103ri.<\/p>\n<p>Prima fil\u0103 din acest carnet va con\u021bine date privind identitatea produc\u0103torului agricol ca titular \u0219i, dup\u0103 caz, a so\u021bului\/so\u021biei, rudelor\/afinilor de gradul I. De asemenea, vor fi incluse \u0219i informa\u021bii privind suprafe\u021bele cultivate \u0219i structurile corespunz\u0103toare pe specii de legume, pomi fructiferi, cartof, cereale, oleaginoase, vi\u021b\u0103-de-vie pentru struguri de vin\/struguri de mas\u0103, alte culturi, respectiv pe specii de animale, care s\u0103 reflecte produc\u021biile estimate a fi destinate comercializ\u0103rii. Aceasta fil\u0103 va fi semnat\u0103 de primar \u0219i va r\u0103m\u00e2ne nedeta\u0219abil\u0103.<\/p>\n<p>Carnetul de comercializare a produselor va func\u021biona practic precum un chitan\u021bier. Concret, atunci c\u00e2nd vor vinde produse, \u00een orice cantitate \u0219i structur\u0103 sortimental\u0103, indiferent de calitatea cump\u0103r\u0103torului, respectiv persoana fizic\u0103 sau persoana juridic\u0103, agricultorii vor utiliza filele din acest carnet, dup\u0103 cum urmeaz\u0103:<br \/>\n\u2013 primul exemplar se \u00eenm\u00e2neaz\u0103 cump\u0103r\u0103torului;<br \/>\n\u2013 al doilea exemplar se pastreaz\u0103 de v\u00e2nz\u0103tor;<br \/>\n\u2013 al treilea exemplar se p\u0103streaz\u0103 la carnet<\/p>\n<p>Excep\u021bie de la aceste prevederi o reprezint\u0103 situa\u021bia \u00een care v\u00e2nzarea se va desf\u0103\u0219ura \u00een pie\u021be agroalimentare, t\u00e2rguri \u0219i pie\u021be ambulante. \u00cen aceste situa\u021bii, produc\u0103torii agricoli vor fi obliga\u021bi s\u0103 \u00eenscrie, la sf\u00e2r\u0219itul fiec\u0103rei zile, \u00eentr-o fil\u0103 corespunz\u0103toare, produsele agricole \u0219i cantit\u0103\u021bile totale v\u00e2ndute \u00een ziua respectiv\u0103.<\/p>\n<p>Totodat\u0103, carnetele utilizate care vor con\u021bine al treilea exemplar al filelor se vor restitui prim\u0103riilor emitente, \u00een termen de 15 zile lucr\u0103toare de la data utiliz\u0103rii ultimei file a acestora.<\/p>\n<p>Cei care vor utiliza carnetul de comercializare f\u0103r\u0103 s\u0103 respecte regimul de utilizare al filelor, ar putea fi sanctiona\u021bi cu amend\u0103 de la 200 lei la 1.000 lei.<\/p>\n<p>De asemenea, produc\u0103torii agricoli care vor transporta produse agricole de la locul de de\u021binere la locul de comercializare, dar nu vor respecta obliga\u021bia de a de\u021bine o fil\u0103 completat\u0103 corespunz\u0103tor cantit\u0103\u021bilor \u0219i structurii sortimentelor transportate, ar putea primi o amend\u0103 de la 3.000 lei la 4.000 lei.<\/p>\n<p>\u00cen plus, dac\u0103 nu vor afi\u0219a eticheta de produs, comercian\u021bii vor fi pasibili de o amend\u0103 care va fi cuprins\u0103 \u00eentre 100 lei \u0219i 300 lei.<\/p>\n<p>Amenzile cresc considerabil \u00een cazul \u00een care produc\u0103torii comercializeaz\u0103 produse, \u00eens\u0103 nu au un atestat de produc\u0103tor valabil \u0219i un carnet de comercializare a produselor. \u00cen aceast\u0103 situa\u021bie amenzile sunt \u00eentre 15.000 lei \u0219i 22.500 lei.<\/p>\n<p>Mai mult dec\u00e2t at\u00e2t, dac\u0103 produc\u0103torii vor vinde, \u00een baza carnetului de comercializare, alte produse dec\u00e2t cele din produc\u021bia proprie, atunci fapta constitutie contraven\u021bie \u0219i se sanc\u021bioneaz\u0103 cu amend\u0103 de la 7.500 lei la 15.000 lei.<\/p>\n","protected":false},"excerpt":{"rendered":"<p>&nbsp;<br \/>\n\u00cen conformitate cu prevederile art. 4 din Legea nr. 145\/2014 pentru stabilirea unor m\u0103suri de reglemantare a pie\u0163ei produselor din sectorul agricol, Atestatul de produc\u0103tor se elibereaz\u0103 de c\u0103tre primar \u00een termen de 5 zile lucr\u0103toare de la data solicit\u0103rii, cu avizul consultativ al structurilor asociative profesionale\/patronale\/sindicate din agricultur\u0103, constituite potrivit legii, organizate la nivel [&#8230;]<\/p>\n","protected":false},"author":1,"featured_media":0,"comment_status":"open","ping_status":"open","sticky":false,"template":"","format":"standard","meta":{"_monsterinsights_skip_tracking":false,"_monsterinsights_sitenote_active":false,"_monsterinsights_sitenote_note":"","_monsterinsights_sitenote_category":0,"footnotes":""},"categories":[3],"tags":[1012],"class_list":["post-6301","post","type-post","status-publish","format-standard","hentry","category-general","tag-atestat-de-producator"],"aioseo_notices":[],"_links":{"self":[{"href":"https:\/\/www.primariacorbi.com\/index.php?rest_route=\/wp\/v2\/posts\/6301","targetHints":{"allow":["GET"]}}],"collection":[{"href":"https:\/\/www.primariacorbi.com\/index.php?rest_route=\/wp\/v2\/posts"}],"about":[{"href":"https:\/\/www.primariacorbi.com\/index.php?rest_route=\/wp\/v2\/types\/post"}],"author":[{"embeddable":true,"href":"https:\/\/www.primariacorbi.com\/index.php?rest_route=\/wp\/v2\/users\/1"}],"replies":[{"embeddable":true,"href":"https:\/\/www.primariacorbi.com\/index.php?rest_route=%2Fwp%2Fv2%2Fcomments&post=6301"}],"version-history":[{"count":1,"href":"https:\/\/www.primariacorbi.com\/index.php?rest_route=\/wp\/v2\/posts\/6301\/revisions"}],"predecessor-version":[{"id":6303,"href":"https:\/\/www.primariacorbi.com\/index.php?rest_route=\/wp\/v2\/posts\/6301\/revisions\/6303"}],"wp:attachment":[{"href":"https:\/\/www.primariacorbi.com\/index.php?rest_route=%2Fwp%2Fv2%2Fmedia&parent=6301"}],"wp:term":[{"taxonomy":"category","embeddable":true,"href":"https:\/\/www.primariacorbi.com\/index.php?rest_route=%2Fwp%2Fv2%2Fcategories&post=6301"},{"taxonomy":"post_tag","embeddable":true,"href":"https:\/\/www.primariacorbi.com\/index.php?rest_route=%2Fwp%2Fv2%2Ftags&post=6301"}],"curies":[{"name":"wp","href":"https:\/\/api.w.org\/{rel}","templated":true}]}}