{"id":6288,"date":"2015-05-01T16:32:33","date_gmt":"2015-05-01T13:32:33","guid":{"rendered":"http:\/\/www.primariacorbi.com\/?p=6288"},"modified":"2015-05-01T16:32:33","modified_gmt":"2015-05-01T13:32:33","slug":"un-colt-de-rai-la-poalele-muntelui-iezer","status":"publish","type":"post","link":"https:\/\/www.primariacorbi.com\/?p=6288","title":{"rendered":"Un col\u0163 de rai la poalele Muntelui Iezer"},"content":{"rendered":"<p>Un sat de piatr\u0103, o biseric\u0103 s\u0103pata \u00een st\u00e2nc\u0103, cuiburi \u00eempietrite de corbi \u015fi pietre cazute din cer. A\u015fa arat\u0103 \u015fi \u00een zilele noastre comuna Corbi din jude\u0163ul Arge\u015f.<\/p>\n<p><a href=\"http:\/\/www.primariacorbi.com\/?attachment_id=6289\" rel=\"attachment wp-att-6289\"><img loading=\"lazy\" decoding=\"async\" class=\"aligncenter size-full wp-image-6289\" src=\"http:\/\/www.primariacorbi.com\/wp-content\/uploads\/2015\/05\/01.05-corbi.jpg\" alt=\"01.05-corbi\" width=\"435\" height=\"290\" srcset=\"https:\/\/www.primariacorbi.com\/wp-content\/uploads\/2015\/05\/01.05-corbi.jpg 435w, https:\/\/www.primariacorbi.com\/wp-content\/uploads\/2015\/05\/01.05-corbi-300x200.jpg 300w, https:\/\/www.primariacorbi.com\/wp-content\/uploads\/2015\/05\/01.05-corbi-120x80.jpg 120w\" sizes=\"auto, (max-width: 435px) 100vw, 435px\" \/><\/a><\/p>\n<p>Localitatea este renumit\u0103 pentru trecutul s\u0103u istoric c\u00e2nd s-a dovedit a fi un loc de refugiu pentru haiduci.<br \/>\n<a href=\"http:\/\/www.primariacorbi.com\/?attachment_id=6290\" rel=\"attachment wp-att-6290\"><img loading=\"lazy\" decoding=\"async\" class=\"aligncenter size-full wp-image-6290\" src=\"http:\/\/www.primariacorbi.com\/wp-content\/uploads\/2015\/05\/01.05-corbi-2.jpg\" alt=\"01.05-corbi-2\" width=\"600\" height=\"200\" srcset=\"https:\/\/www.primariacorbi.com\/wp-content\/uploads\/2015\/05\/01.05-corbi-2.jpg 600w, https:\/\/www.primariacorbi.com\/wp-content\/uploads\/2015\/05\/01.05-corbi-2-300x100.jpg 300w\" sizes=\"auto, (max-width: 600px) 100vw, 600px\" \/><\/a> <a href=\"http:\/\/www.primariacorbi.com\/?attachment_id=6291\" rel=\"attachment wp-att-6291\"><img loading=\"lazy\" decoding=\"async\" class=\"aligncenter size-large wp-image-6291\" src=\"http:\/\/www.primariacorbi.com\/wp-content\/uploads\/2015\/05\/01.05-corbi-1.jpg\" alt=\"01.05-corbi-1\" width=\"600\" height=\"200\" srcset=\"https:\/\/www.primariacorbi.com\/wp-content\/uploads\/2015\/05\/01.05-corbi-1.jpg 600w, https:\/\/www.primariacorbi.com\/wp-content\/uploads\/2015\/05\/01.05-corbi-1-300x100.jpg 300w\" sizes=\"auto, (max-width: 600px) 100vw, 600px\" \/><\/a><\/p>\n<p>De asemenea, zona este renumit\u0103 \u015fi pentru plaiurile sale mioritice \u015fi forma\u0163iunile calcaroase, cu rezonan\u0163\u0103 istoric\u0103 sau religioas\u0103: La Chilii, St\u00e2nca lui Zdrelea, St\u00e2ncile Haiducilor, R\u00e2ul Doamnei, muntele de gresie, la baza c\u0103ruia domnitorul Neagoe Basarab a construit M\u00e2n\u0103stirea Corbii de Piatr\u0103.<\/p>\n<p>La Corbi, \u00eendeletnicirea de baz\u0103 a s\u0103tenilor a r\u0103mas oieritul<\/p>\n<p>A\u015fezat\u0103 \u00eentr-un loc prielnic p\u0103storitului, comuna se m\u00e2ndre\u015fte cu cel mai mare num\u0103r de oi din jude\u0163ul Arge\u015f, peste 30.000 c\u00e2t \u015fi cu statornicia, h\u0103rnicia \u015fi bun\u0103starea locuitorilor, cu respectul acestora pentru vechi tradi\u0163ii p\u0103store\u015fti \u015fi folclorice.<\/p>\n<p><a href=\"http:\/\/www.primariacorbi.com\/?attachment_id=6292\" rel=\"attachment wp-att-6292\"><img loading=\"lazy\" decoding=\"async\" class=\"aligncenter size-full wp-image-6292\" src=\"http:\/\/www.primariacorbi.com\/wp-content\/uploads\/2015\/05\/01.05-corbi-3.jpg\" alt=\"01.05-corbi-3\" width=\"600\" height=\"200\" srcset=\"https:\/\/www.primariacorbi.com\/wp-content\/uploads\/2015\/05\/01.05-corbi-3.jpg 600w, https:\/\/www.primariacorbi.com\/wp-content\/uploads\/2015\/05\/01.05-corbi-3-300x100.jpg 300w\" sizes=\"auto, (max-width: 600px) 100vw, 600px\" \/><\/a><\/p>\n<p>Via\u0163a \u0163\u0103ranului corbean s-a desf\u0103\u015furat \u00een ritm de transhuman\u0163\u0103 \u015fi de balad\u0103, fiind marcat\u0103 de cele dou\u0103 evenimente mari, urcatul \u015fi cobor\u00e2tul oilor la \u015fi de la munte, fiind plin\u0103 de munc\u0103, frumuse\u0163e, d\u0103ruire, dar \u015fi de sacrificii \u015fi primejdii de tot felul.<\/p>\n<p>Cultura moderna de zmeur \u015fi afin dar \u015fi livezi de meri la Corbi, Arge\u015f<\/p>\n<p>\u00cen timp, oamenii locului au fructificat terenurile, plant\u00e2nd meri, peri dar \u015fi afini \u015fi mure. Minunea s-a petrecut \u00een satul St\u0103ne\u015fti din comuna Corbi \u015fi nu a \u0163inut deloc trei zile, cum din p\u0103cate se \u00eent\u00e2mpl\u0103, de regul\u0103, \u00een Rom\u00e2nia, c\u00e2nd vine vorba de agricultur\u0103. Puie\u0163ii de m\u0103r au plas\u0103 antigrindin\u0103, buta\u015fii de zmeur \u015fi mur au un sistem de sus\u0163inere \u015fi protec\u0163ie antiploaie, iar utilajele agricole cu ajutorul c\u0103rora se ob\u0163ine performan\u0163\u0103 sunt \u015fi ele pe m\u0103sura fermei horticole. Planta\u0163ia este un proiect ini\u0163iat de Mihail Ungurenu\u015f, unic \u00een jude\u0163, poate chiar \u015fi \u00een \u0163ar\u0103, iar osteneala celor care au pus um\u0103rul \u015fi sufletul la aceast\u0103 treab\u0103 serioas\u0103 a fost dat\u0103 de bun exemplu la seminariile organizate de Re\u0163eaua Na\u0163ional\u0103 de Dezvoltare Rural\u0103.<\/p>\n<p><a href=\"http:\/\/www.primariacorbi.com\/?attachment_id=6293\" rel=\"attachment wp-att-6293\"><img loading=\"lazy\" decoding=\"async\" class=\"aligncenter size-full wp-image-6293\" src=\"http:\/\/www.primariacorbi.com\/wp-content\/uploads\/2015\/05\/01.05-corbi-5.jpg\" alt=\"01.05-corbi-5\" width=\"600\" height=\"200\" srcset=\"https:\/\/www.primariacorbi.com\/wp-content\/uploads\/2015\/05\/01.05-corbi-5.jpg 600w, https:\/\/www.primariacorbi.com\/wp-content\/uploads\/2015\/05\/01.05-corbi-5-300x100.jpg 300w\" sizes=\"auto, (max-width: 600px) 100vw, 600px\" \/><\/a> <a href=\"http:\/\/www.primariacorbi.com\/?attachment_id=6294\" rel=\"attachment wp-att-6294\"><img loading=\"lazy\" decoding=\"async\" class=\"aligncenter size-large wp-image-6294\" src=\"http:\/\/www.primariacorbi.com\/wp-content\/uploads\/2015\/05\/01.05-corbi-4.jpg\" alt=\"01.05-corbi-4\" width=\"600\" height=\"200\" srcset=\"https:\/\/www.primariacorbi.com\/wp-content\/uploads\/2015\/05\/01.05-corbi-4.jpg 600w, https:\/\/www.primariacorbi.com\/wp-content\/uploads\/2015\/05\/01.05-corbi-4-300x100.jpg 300w\" sizes=\"auto, (max-width: 600px) 100vw, 600px\" \/><\/a><\/p>\n<p>&nbsp;<\/p>\n<p>Rapsodia P\u0103storeasc\u0103 de la Corbi<\/p>\n<p>Cu 45 de ani \u00een urm\u0103, \u00een comuna Corbi, urcarea oilor la munte a devenit o adev\u0103rat\u0103 s\u0103rb\u0103toare la care particip\u0103 oieri \u015fi grupuri folclorice din mai multe zone p\u0103store\u015fti, de la nord \u015fi de la sud de Carpa\u0163i, unite de un destin istoric pe c\u00e2t de potrivnic, pe at\u00e2t de util pentru realizarea unei convie\u0163uiri.<\/p>\n<p>Anul acesta festivalul numit \u201eRapsodia P\u0103storeasc\u0103\u201d se va desf\u0103\u015fura \u00een zilele de 24 \u015fi 25 mai, at\u00e2t \u00een localitate, c\u00e2t \u015fi \u00een afara acesteia, \u00eentr-un spa\u0163iu mioritic, pe Valea R\u00e2ul Doamnei.<\/p>\n<p>\u00cen cadrul manifest\u0103rii pe strada principal\u0103 are loc o parad\u0103 a celor mai frumoase animale din localitate, \u00eempodobite de s\u0103rb\u0103toare.<\/p>\n<p>Urmeaz\u0103 o parad\u0103 a costumelor populare din diverse localit\u0103\u0163i al c\u0103ror specific poate fi mai bine \u00een\u0163eles dac\u0103 arunc\u0103m o privire asupra trecutului istoric al rom\u00e2nilor de peste, c\u00e2t \u015fi de sub Carpa\u0163i.<\/p>\n<p>La Corbi, jude\u0163ul Arge\u015f fetele poart\u0103 ie moc\u0103neasc\u0103, cu m\u0103rgele de toate culorile, \u015fur\u0163e moc\u0103ne\u015fti, vest\u0103 de catifea neagr\u0103, cu m\u0103rgele, pe cap tistinel \u201ebatic negru,\u201d iar b\u0103ie\u0163ii: c\u0103ma\u015f\u0103 din p\u00e2nz\u0103 lucrat\u0103 \u00een cas\u0103, cu cruce neagr\u0103 cusut\u0103 pe piept (barbure), vest\u0103 de p\u0103nur\u0103 neagr\u0103, chimir din piele, cioareci.<\/p>\n<p>Portul popular de zon\u0103 poate fi v\u0103zut \u015fi la Muzeul de Etnografie din incinta Consiliului Popular al comunei Corbi, ce reprezint\u0103 un interior \u0163\u0103r\u0103nesc, bogat \u00eempodobit, plin de via\u0163\u0103 \u015fi primitor, ce reflect\u0103 ocupa\u0163iile \u015fi modul de via\u0163\u0103 specifice locuitorilor din localitatea Corbi.<\/p>\n<p><a href=\"http:\/\/www.primariacorbi.com\/?attachment_id=6295\" rel=\"attachment wp-att-6295\"><img loading=\"lazy\" decoding=\"async\" class=\"aligncenter size-full wp-image-6295\" src=\"http:\/\/www.primariacorbi.com\/wp-content\/uploads\/2015\/05\/01.05-corbi-6.jpg\" alt=\"01.05-corbi-6\" width=\"600\" height=\"200\" srcset=\"https:\/\/www.primariacorbi.com\/wp-content\/uploads\/2015\/05\/01.05-corbi-6.jpg 600w, https:\/\/www.primariacorbi.com\/wp-content\/uploads\/2015\/05\/01.05-corbi-6-300x100.jpg 300w\" sizes=\"auto, (max-width: 600px) 100vw, 600px\" \/><\/a><\/p>\n<p>&nbsp;<\/p>\n<p>Aici mai pot fi g\u0103site vatra cu pirostriile pe care se afl\u0103 ceaunele pentru preg\u0103tit m\u00e2ncarea, masa \u0163\u0103r\u0103neasc\u0103, din lemn, rotund\u0103, mic\u0103, cu scaune pe m\u0103sur\u0103, cu str\u0103chinile \u015fi lingurile ce \u00ee\u015fi a\u015fteapt\u0103 oaspe\u0163ii, paturi acoperite cu p\u0103turi mi\u0163oase, r\u0103zboiul de \u0163esut, macaturile \u015fi \u015ftergarele de pe pere\u0163i, din care florile z\u00e2mbesc \u00een \u015firaguri \u015fi buchete de trandafiri ro\u015fii, plini de via\u0163\u0103.<\/p>\n<p><a href=\"http:\/\/www.primariacorbi.com\/?attachment_id=6296\" rel=\"attachment wp-att-6296\"><img loading=\"lazy\" decoding=\"async\" class=\"aligncenter size-full wp-image-6296\" src=\"http:\/\/www.primariacorbi.com\/wp-content\/uploads\/2015\/05\/01.05-corbi-8.jpg\" alt=\"01.05-corbi-8\" width=\"600\" height=\"200\" srcset=\"https:\/\/www.primariacorbi.com\/wp-content\/uploads\/2015\/05\/01.05-corbi-8.jpg 600w, https:\/\/www.primariacorbi.com\/wp-content\/uploads\/2015\/05\/01.05-corbi-8-300x100.jpg 300w\" sizes=\"auto, (max-width: 600px) 100vw, 600px\" \/><\/a><\/p>\n<p><a href=\"http:\/\/www.primariacorbi.com\/?attachment_id=6298\" rel=\"attachment wp-att-6298\"><img loading=\"lazy\" decoding=\"async\" class=\"aligncenter size-full wp-image-6298\" src=\"http:\/\/www.primariacorbi.com\/wp-content\/uploads\/2015\/05\/01.05-corbi-7.jpg\" alt=\"01.05-corbi-7\" width=\"600\" height=\"200\" srcset=\"https:\/\/www.primariacorbi.com\/wp-content\/uploads\/2015\/05\/01.05-corbi-7.jpg 600w, https:\/\/www.primariacorbi.com\/wp-content\/uploads\/2015\/05\/01.05-corbi-7-300x100.jpg 300w\" sizes=\"auto, (max-width: 600px) 100vw, 600px\" \/><\/a><\/p>\n<p>Cum este \u015fi firesc de la o s\u0103rb\u0103toare p\u0103storeasc\u0103 vor lipsi fluiera\u015fii, din localitatea Corbi prezen\u0163i at\u00e2t \u00een forma\u0163ii de copii \u015fi tineri, c\u00e2t \u015fi de b\u0103tr\u00e2ni, \u00eentr-o \u015ftafet\u0103 ne\u00eencetat\u0103 a unei ocupa\u0163ii str\u0103vechi, a talentului \u015fi dragostei pentru c\u00e2ntecul popular rom\u00e2nesc. Ei fac parte din Ansamblul Folcloric Ciobana\u015ful care \u00een aceste zile a oferit un spectacol &#8222;de zile mari&#8221; ascult\u0103torilor postului nostru de radio, Radio Rom\u00e2nia Antena Satelor dar \u015fi localnicilor prezen\u0163i la evenimentul ce s-a desf\u0103\u015furat \u00een incinta C\u0103minului Cultural din centrul comunei.<\/p>\n<p><a href=\"http:\/\/www.primariacorbi.com\/?attachment_id=6297\" rel=\"attachment wp-att-6297\"><img loading=\"lazy\" decoding=\"async\" class=\"aligncenter size-full wp-image-6297\" src=\"http:\/\/www.primariacorbi.com\/wp-content\/uploads\/2015\/05\/01.05-corbi-9.jpg\" alt=\"01.05-corbi-9\" width=\"600\" height=\"200\" srcset=\"https:\/\/www.primariacorbi.com\/wp-content\/uploads\/2015\/05\/01.05-corbi-9.jpg 600w, https:\/\/www.primariacorbi.com\/wp-content\/uploads\/2015\/05\/01.05-corbi-9-300x100.jpg 300w\" sizes=\"auto, (max-width: 600px) 100vw, 600px\" \/><\/a><\/p>\n<p>&nbsp;<\/p>\n<p><a href=\"http:\/\/www.primariacorbi.com\/?attachment_id=6299\" rel=\"attachment wp-att-6299\"><img loading=\"lazy\" decoding=\"async\" class=\"aligncenter size-full wp-image-6299\" src=\"http:\/\/www.primariacorbi.com\/wp-content\/uploads\/2015\/05\/01.05-corbi-10.jpg\" alt=\"01.05-corbi-10\" width=\"600\" height=\"200\" srcset=\"https:\/\/www.primariacorbi.com\/wp-content\/uploads\/2015\/05\/01.05-corbi-10.jpg 600w, https:\/\/www.primariacorbi.com\/wp-content\/uploads\/2015\/05\/01.05-corbi-10-300x100.jpg 300w\" sizes=\"auto, (max-width: 600px) 100vw, 600px\" \/><\/a><\/p>\n<p>Acest mic col\u0163 de rai descris \u00een c\u00e2teva cuvinte a fost prezentat \u00een emisiunea &#8222;Via\u0163a la \u0162ar\u0103 \u201c din 30.04.2015. Echipa Antena Satelor a fost \u00een mijlocul s\u0103tenilor timp de patru zile, le-a aflat pove\u015ftile \u015fi istoria, le-a \u00een\u0163eles problemele, le-a v\u0103zut realiz\u0103rile \u015fi le-a admirat dansul \u015fi portul popular, dragosta pentru frumosul natural \u015fi artistic, h\u0103rnicia \u015fi credin\u0163a \u00een Dumnezeu.<\/p>\n","protected":false},"excerpt":{"rendered":"<p>Un sat de piatr\u0103, o biseric\u0103 s\u0103pata \u00een st\u00e2nc\u0103, cuiburi \u00eempietrite de corbi \u015fi pietre cazute din cer. A\u015fa arat\u0103 \u015fi \u00een zilele noastre comuna Corbi din jude\u0163ul Arge\u015f.<\/p>\n<p>Localitatea este renumit\u0103 pentru trecutul s\u0103u istoric c\u00e2nd s-a dovedit a fi un loc de refugiu pentru haiduci.<\/p>\n<p>De asemenea, zona este renumit\u0103 \u015fi pentru plaiurile sale [&#8230;]<\/p>\n","protected":false},"author":1,"featured_media":0,"comment_status":"open","ping_status":"open","sticky":false,"template":"","format":"standard","meta":{"_monsterinsights_skip_tracking":false,"_monsterinsights_sitenote_active":false,"_monsterinsights_sitenote_note":"","_monsterinsights_sitenote_category":0,"footnotes":""},"categories":[3],"tags":[1011],"class_list":["post-6288","post","type-post","status-publish","format-standard","hentry","category-general","tag-descriere-corbi-arges"],"aioseo_notices":[],"_links":{"self":[{"href":"https:\/\/www.primariacorbi.com\/index.php?rest_route=\/wp\/v2\/posts\/6288","targetHints":{"allow":["GET"]}}],"collection":[{"href":"https:\/\/www.primariacorbi.com\/index.php?rest_route=\/wp\/v2\/posts"}],"about":[{"href":"https:\/\/www.primariacorbi.com\/index.php?rest_route=\/wp\/v2\/types\/post"}],"author":[{"embeddable":true,"href":"https:\/\/www.primariacorbi.com\/index.php?rest_route=\/wp\/v2\/users\/1"}],"replies":[{"embeddable":true,"href":"https:\/\/www.primariacorbi.com\/index.php?rest_route=%2Fwp%2Fv2%2Fcomments&post=6288"}],"version-history":[{"count":1,"href":"https:\/\/www.primariacorbi.com\/index.php?rest_route=\/wp\/v2\/posts\/6288\/revisions"}],"predecessor-version":[{"id":6300,"href":"https:\/\/www.primariacorbi.com\/index.php?rest_route=\/wp\/v2\/posts\/6288\/revisions\/6300"}],"wp:attachment":[{"href":"https:\/\/www.primariacorbi.com\/index.php?rest_route=%2Fwp%2Fv2%2Fmedia&parent=6288"}],"wp:term":[{"taxonomy":"category","embeddable":true,"href":"https:\/\/www.primariacorbi.com\/index.php?rest_route=%2Fwp%2Fv2%2Fcategories&post=6288"},{"taxonomy":"post_tag","embeddable":true,"href":"https:\/\/www.primariacorbi.com\/index.php?rest_route=%2Fwp%2Fv2%2Ftags&post=6288"}],"curies":[{"name":"wp","href":"https:\/\/api.w.org\/{rel}","templated":true}]}}