{"id":6275,"date":"2015-04-27T11:31:20","date_gmt":"2015-04-27T08:31:20","guid":{"rendered":"http:\/\/www.primariacorbi.com\/?p=6275"},"modified":"2015-04-27T11:41:33","modified_gmt":"2015-04-27T08:41:33","slug":"caravana-antenei-satelor-ajunge-in-comuna-corbi","status":"publish","type":"post","link":"https:\/\/www.primariacorbi.com\/?p=6275","title":{"rendered":"Caravana Antenei Satelor ajunge \u00een comuna Corbi"},"content":{"rendered":"<p><a href=\"http:\/\/www.primariacorbi.com\/?attachment_id=6276\" rel=\"attachment wp-att-6276\"><img loading=\"lazy\" decoding=\"async\" class=\"aligncenter size-full wp-image-6276\" src=\"http:\/\/www.primariacorbi.com\/wp-content\/uploads\/2015\/04\/1.jpg\" alt=\"1\" width=\"435\" height=\"290\" srcset=\"https:\/\/www.primariacorbi.com\/wp-content\/uploads\/2015\/04\/1.jpg 435w, https:\/\/www.primariacorbi.com\/wp-content\/uploads\/2015\/04\/1-300x200.jpg 300w, https:\/\/www.primariacorbi.com\/wp-content\/uploads\/2015\/04\/1-120x80.jpg 120w\" sizes=\"auto, (max-width: 435px) 100vw, 435px\" \/><\/a><br \/>\n<strong>Carvana Antena Satelor ajunge \u00een acesat\u0103 s\u0103pt\u0103m\u00e2n\u0103 \u00een comuna Corbi din jude\u021bul Arge\u0219, pe malurile legendare ale Raului Doamnei, la poalele falnicilor mun\u021bi F\u0103g\u0103ra\u0219, sub strea\u0219ina dealurilor domoale, a tainicelor \u0219i tihnitelor p\u0103duri.<\/strong><br \/>\n<strong> Pe aceste meleaguri ciobanii \u0219i-au purtat turmele de oi, au c\u00e2ntat doine ciob\u0103ne\u0219ti, c\u00e2ntece de dragoste \u0219i au p\u0103strat legendele din vremuri mult prea dep\u0103rtate de zilele noastre.<\/strong><\/p>\n<p><a href=\"http:\/\/www.primariacorbi.com\/?attachment_id=6277\" rel=\"attachment wp-att-6277\"><img loading=\"lazy\" decoding=\"async\" class=\"aligncenter size-full wp-image-6277\" src=\"http:\/\/www.primariacorbi.com\/wp-content\/uploads\/2015\/04\/2.jpg\" alt=\"2\" width=\"600\" height=\"200\" srcset=\"https:\/\/www.primariacorbi.com\/wp-content\/uploads\/2015\/04\/2.jpg 600w, https:\/\/www.primariacorbi.com\/wp-content\/uploads\/2015\/04\/2-300x100.jpg 300w\" sizes=\"auto, (max-width: 600px) 100vw, 600px\" \/><\/a><br \/>\n<strong>Joi 30 aprilie 2015, de la ora 12:20 la ora 15:00, o s\u0103 v\u0103 purt\u0103m \u00een sunet de fluiere prin localitatea de o frumuse\u021be rar\u0103. Drumul ne va duce c\u0103tre jgheaburi, f\u0103ga\u0219e, s\u0103pate de scurgerea apei izvoarelor \u0219i p\u00e2r\u00e2ia\u0219elor din zona st\u00e2ncilor de gresie, o s\u0103 trecem \u0219i pe la biserica rupestr\u0103, un str\u0103vechi a\u0219ez\u0103m\u00e2nt \u2013 unicat \u00een spa\u021biul ortodox rom\u00e2nesc.<\/strong><br \/>\n<a href=\"http:\/\/www.primariacorbi.com\/?attachment_id=6278\" rel=\"attachment wp-att-6278\"><img loading=\"lazy\" decoding=\"async\" class=\"aligncenter size-full wp-image-6278\" src=\"http:\/\/www.primariacorbi.com\/wp-content\/uploads\/2015\/04\/3.jpg\" alt=\"3\" width=\"600\" height=\"200\" srcset=\"https:\/\/www.primariacorbi.com\/wp-content\/uploads\/2015\/04\/3.jpg 600w, https:\/\/www.primariacorbi.com\/wp-content\/uploads\/2015\/04\/3-300x100.jpg 300w\" sizes=\"auto, (max-width: 600px) 100vw, 600px\" \/><\/a><br \/>\n<strong> O s\u0103 parcurgem una c\u00e2te una uli\u021bele satului pentru a lua pulsul vie\u021bii la \u021bar\u0103, care nu este una rupt\u0103 de realit\u0103\u021bile anului 2015, ci una ancorat\u0103 bine \u00een economie. Aici, femeile dibace, cu ajutorul tehnologiei de ultima or\u0103, tricoteaz\u0103 haine pentru celebrele Case de Mod\u0103 Prada \u0219i Valentino.<\/strong><br \/>\n<a href=\"http:\/\/www.primariacorbi.com\/?attachment_id=6279\" rel=\"attachment wp-att-6279\"><img loading=\"lazy\" decoding=\"async\" class=\"aligncenter size-full wp-image-6279\" src=\"http:\/\/www.primariacorbi.com\/wp-content\/uploads\/2015\/04\/4.jpg\" alt=\"4\" width=\"600\" height=\"200\" srcset=\"https:\/\/www.primariacorbi.com\/wp-content\/uploads\/2015\/04\/4.jpg 600w, https:\/\/www.primariacorbi.com\/wp-content\/uploads\/2015\/04\/4-300x100.jpg 300w\" sizes=\"auto, (max-width: 600px) 100vw, 600px\" \/><\/a><br \/>\n<strong>Ciobanii \u00ee\u0219i v\u00e2nd la pia\u021b\u0103 produsele rezultate \u00een st\u00e2nele lor.<\/strong><br \/>\n<a href=\"http:\/\/www.primariacorbi.com\/?attachment_id=6280\" rel=\"attachment wp-att-6280\"><img loading=\"lazy\" decoding=\"async\" class=\"aligncenter size-full wp-image-6280\" src=\"http:\/\/www.primariacorbi.com\/wp-content\/uploads\/2015\/04\/5.jpg\" alt=\"5\" width=\"600\" height=\"200\" srcset=\"https:\/\/www.primariacorbi.com\/wp-content\/uploads\/2015\/04\/5.jpg 600w, https:\/\/www.primariacorbi.com\/wp-content\/uploads\/2015\/04\/5-300x100.jpg 300w\" sizes=\"auto, (max-width: 600px) 100vw, 600px\" \/><\/a><br \/>\n<strong>O s\u0103 trecem \u0219i pe la Muzeul Satului care ad\u0103poste\u0219te zestrea lasat\u0103 mo\u0219tenire genera\u021biilor tinere dar \u0219i crea\u021biile mai noi.<\/strong><br \/>\n<a href=\"http:\/\/www.primariacorbi.com\/?attachment_id=6281\" rel=\"attachment wp-att-6281\"><img loading=\"lazy\" decoding=\"async\" class=\"aligncenter size-full wp-image-6281\" src=\"http:\/\/www.primariacorbi.com\/wp-content\/uploads\/2015\/04\/6.jpg\" alt=\"6\" width=\"600\" height=\"200\" srcset=\"https:\/\/www.primariacorbi.com\/wp-content\/uploads\/2015\/04\/6.jpg 600w, https:\/\/www.primariacorbi.com\/wp-content\/uploads\/2015\/04\/6-300x100.jpg 300w\" sizes=\"auto, (max-width: 600px) 100vw, 600px\" \/><\/a><br \/>\n<strong>V\u0103 invit\u0103m prieteni joi, 30 aprilie 2015, de la ora 12:20 la ora 15:00 s\u0103 ne \u00eenso\u021bi\u021bi pe frecven\u021be \u00eentr-un loc at\u00e2t de frumos prin bog\u0103\u021bia naturii, h\u0103rnicia oamenilor \u0219i duio\u0219ia c\u00e2ntecelor.<\/strong><\/p>\n","protected":false},"excerpt":{"rendered":"<p>Carvana Antena Satelor ajunge \u00een acesat\u0103 s\u0103pt\u0103m\u00e2n\u0103 \u00een comuna Corbi din jude\u021bul Arge\u0219, pe malurile legendare ale Raului Doamnei, la poalele falnicilor mun\u021bi F\u0103g\u0103ra\u0219, sub strea\u0219ina dealurilor domoale, a tainicelor \u0219i tihnitelor p\u0103duri.<br \/>\n Pe aceste meleaguri ciobanii \u0219i-au purtat turmele de oi, au c\u00e2ntat doine ciob\u0103ne\u0219ti, c\u00e2ntece de dragoste \u0219i au p\u0103strat legendele din vremuri [&#8230;]<\/p>\n","protected":false},"author":1,"featured_media":0,"comment_status":"open","ping_status":"open","sticky":false,"template":"","format":"standard","meta":{"_monsterinsights_skip_tracking":false,"_monsterinsights_sitenote_active":false,"_monsterinsights_sitenote_note":"","_monsterinsights_sitenote_category":0,"footnotes":""},"categories":[3],"tags":[1009,1010],"class_list":["post-6275","post","type-post","status-publish","format-standard","hentry","category-general","tag-antena-satelor","tag-caravana"],"aioseo_notices":[],"_links":{"self":[{"href":"https:\/\/www.primariacorbi.com\/index.php?rest_route=\/wp\/v2\/posts\/6275","targetHints":{"allow":["GET"]}}],"collection":[{"href":"https:\/\/www.primariacorbi.com\/index.php?rest_route=\/wp\/v2\/posts"}],"about":[{"href":"https:\/\/www.primariacorbi.com\/index.php?rest_route=\/wp\/v2\/types\/post"}],"author":[{"embeddable":true,"href":"https:\/\/www.primariacorbi.com\/index.php?rest_route=\/wp\/v2\/users\/1"}],"replies":[{"embeddable":true,"href":"https:\/\/www.primariacorbi.com\/index.php?rest_route=%2Fwp%2Fv2%2Fcomments&post=6275"}],"version-history":[{"count":5,"href":"https:\/\/www.primariacorbi.com\/index.php?rest_route=\/wp\/v2\/posts\/6275\/revisions"}],"predecessor-version":[{"id":6286,"href":"https:\/\/www.primariacorbi.com\/index.php?rest_route=\/wp\/v2\/posts\/6275\/revisions\/6286"}],"wp:attachment":[{"href":"https:\/\/www.primariacorbi.com\/index.php?rest_route=%2Fwp%2Fv2%2Fmedia&parent=6275"}],"wp:term":[{"taxonomy":"category","embeddable":true,"href":"https:\/\/www.primariacorbi.com\/index.php?rest_route=%2Fwp%2Fv2%2Fcategories&post=6275"},{"taxonomy":"post_tag","embeddable":true,"href":"https:\/\/www.primariacorbi.com\/index.php?rest_route=%2Fwp%2Fv2%2Ftags&post=6275"}],"curies":[{"name":"wp","href":"https:\/\/api.w.org\/{rel}","templated":true}]}}