{"id":6246,"date":"2015-04-10T09:01:49","date_gmt":"2015-04-10T06:01:49","guid":{"rendered":"http:\/\/www.primariacorbi.com\/?p=6246"},"modified":"2015-04-10T09:07:40","modified_gmt":"2015-04-10T06:07:40","slug":"6246","status":"publish","type":"post","link":"https:\/\/www.primariacorbi.com\/?p=6246","title":{"rendered":"PASTE FERICIT !"},"content":{"rendered":"<p style=\"text-align: center;\"><a href=\"http:\/\/www.primariacorbi.com\/?attachment_id=6247\" rel=\"attachment wp-att-6247\"><img loading=\"lazy\" decoding=\"async\" class=\"aligncenter  wp-image-6247\" src=\"http:\/\/www.primariacorbi.com\/wp-content\/uploads\/2015\/04\/urari-de-paste-2014-1024x553.jpg\" alt=\"urari-de-paste-2014\" width=\"513\" height=\"277\" srcset=\"https:\/\/www.primariacorbi.com\/wp-content\/uploads\/2015\/04\/urari-de-paste-2014-1024x553.jpg 1024w, https:\/\/www.primariacorbi.com\/wp-content\/uploads\/2015\/04\/urari-de-paste-2014-300x162.jpg 300w, https:\/\/www.primariacorbi.com\/wp-content\/uploads\/2015\/04\/urari-de-paste-2014.jpg 1525w\" sizes=\"auto, (max-width: 513px) 100vw, 513px\" \/><\/a><br \/>\n<strong>Lumina \u015fi c\u0103ldura Pa\u015ftelui s\u0103 ne \u00eenc\u0103lzeasc\u0103 sufletele, s\u0103 ne lumineze min\u0163ile, s\u0103 ne deschid\u0103 inimile spre iubire, credin\u0163\u0103, iertare.<\/strong><\/p>\n<p style=\"text-align: center;\"><strong>S\u0103 fim mai buni, s\u0103 ne bucur\u0103m din plin de frumuse\u0163ea tuturor lucrurilor care ne \u00eenconjoar\u0103 \u015fi s\u0103 d\u0103ruim iubire celor dragi.<\/strong><\/p>\n<p style=\"text-align: center;\"><strong>PRIMARUL \u00a0COMUNEI \u00a0CORBI<\/strong><br \/>\n<strong> VIRGIL \u00a0 BACIU<\/strong><\/p>\n","protected":false},"excerpt":{"rendered":"<p>Lumina \u015fi c\u0103ldura Pa\u015ftelui s\u0103 ne \u00eenc\u0103lzeasc\u0103 sufletele, s\u0103 ne lumineze min\u0163ile, s\u0103 ne deschid\u0103 inimile spre iubire, credin\u0163\u0103, iertare.<br \/>\nS\u0103 fim mai buni, s\u0103 ne bucur\u0103m din plin de frumuse\u0163ea tuturor lucrurilor care ne \u00eenconjoar\u0103 \u015fi s\u0103 d\u0103ruim iubire celor dragi.<br \/>\nPRIMARUL \u00a0COMUNEI \u00a0CORBI<br \/>\n VIRGIL \u00a0 BACIU<\/p>\n","protected":false},"author":1,"featured_media":0,"comment_status":"open","ping_status":"open","sticky":false,"template":"","format":"standard","meta":{"_monsterinsights_skip_tracking":false,"_monsterinsights_sitenote_active":false,"_monsterinsights_sitenote_note":"","_monsterinsights_sitenote_category":0,"footnotes":""},"categories":[3],"tags":[],"class_list":["post-6246","post","type-post","status-publish","format-standard","hentry","category-general"],"aioseo_notices":[],"_links":{"self":[{"href":"https:\/\/www.primariacorbi.com\/index.php?rest_route=\/wp\/v2\/posts\/6246","targetHints":{"allow":["GET"]}}],"collection":[{"href":"https:\/\/www.primariacorbi.com\/index.php?rest_route=\/wp\/v2\/posts"}],"about":[{"href":"https:\/\/www.primariacorbi.com\/index.php?rest_route=\/wp\/v2\/types\/post"}],"author":[{"embeddable":true,"href":"https:\/\/www.primariacorbi.com\/index.php?rest_route=\/wp\/v2\/users\/1"}],"replies":[{"embeddable":true,"href":"https:\/\/www.primariacorbi.com\/index.php?rest_route=%2Fwp%2Fv2%2Fcomments&post=6246"}],"version-history":[{"count":6,"href":"https:\/\/www.primariacorbi.com\/index.php?rest_route=\/wp\/v2\/posts\/6246\/revisions"}],"predecessor-version":[{"id":6253,"href":"https:\/\/www.primariacorbi.com\/index.php?rest_route=\/wp\/v2\/posts\/6246\/revisions\/6253"}],"wp:attachment":[{"href":"https:\/\/www.primariacorbi.com\/index.php?rest_route=%2Fwp%2Fv2%2Fmedia&parent=6246"}],"wp:term":[{"taxonomy":"category","embeddable":true,"href":"https:\/\/www.primariacorbi.com\/index.php?rest_route=%2Fwp%2Fv2%2Fcategories&post=6246"},{"taxonomy":"post_tag","embeddable":true,"href":"https:\/\/www.primariacorbi.com\/index.php?rest_route=%2Fwp%2Fv2%2Ftags&post=6246"}],"curies":[{"name":"wp","href":"https:\/\/api.w.org\/{rel}","templated":true}]}}