{"id":6241,"date":"2015-04-03T09:05:59","date_gmt":"2015-04-03T06:05:59","guid":{"rendered":"http:\/\/www.primariacorbi.com\/?p=6241"},"modified":"2015-04-03T09:05:59","modified_gmt":"2015-04-03T06:05:59","slug":"argesfemeile-din-corbi-tricoteaza-pentru-prada-si-valentino","status":"publish","type":"post","link":"https:\/\/www.primariacorbi.com\/?p=6241","title":{"rendered":"Arge\u015f\/Femeile din Corbi tricoteaz\u0103 pentru \u201ePrada\u201d \u015fi \u201eValentino\u201d!"},"content":{"rendered":"<p>Comuna Corbi a mai f\u0103cut un pas spre progres. Deschiderea unei sec\u0163ii de tricotaje, ce are pia\u0163a de desfacere asigurat\u0103 pentru firme de renume mondial, precum Prada sau Valentino, a \u00eensemnat nu doar crearea a peste 20 de locuri de munc\u0103, ci a deschis calea spre o nou\u0103 viziune a ceea ce \u00eenseamn\u0103 dezvoltare s\u0103n\u0103toas\u0103, economie de pia\u0163\u0103, profit, bun\u0103stare.<\/p>\n<p><a href=\"http:\/\/www.primariacorbi.com\/?attachment_id=6242\" rel=\"attachment wp-att-6242\"><img loading=\"lazy\" decoding=\"async\" src=\"http:\/\/www.primariacorbi.com\/wp-content\/uploads\/2015\/04\/corbi_2.jpg\" alt=\"corbi_2\" width=\"600\" height=\"400\" class=\"aligncenter size-full wp-image-6242\" srcset=\"https:\/\/www.primariacorbi.com\/wp-content\/uploads\/2015\/04\/corbi_2.jpg 600w, https:\/\/www.primariacorbi.com\/wp-content\/uploads\/2015\/04\/corbi_2-300x200.jpg 300w, https:\/\/www.primariacorbi.com\/wp-content\/uploads\/2015\/04\/corbi_2-120x80.jpg 120w\" sizes=\"auto, (max-width: 600px) 100vw, 600px\" \/><\/a><br \/>\nAlegerea comunei Corbi ca loca\u0163ie pentru derularea afacerii nu este \u00eent\u00e2mpl\u0103toare. Patroana este rom\u00e2nc\u0103, de profesie jurist, din Curtea de Arge\u015f, iar partenerii direc\u0163i sunt o firm\u0103 italian\u0103 &#8211; SC Paula Confec\u0163ii SRL- cu o vechime de 15 ani pe pia\u0163a  rom\u00e2neasc\u0103. Preda Mariana a decis s\u0103-\u015fi deschid\u0103 atelierul aici datorit\u0103 calit\u0103\u0163ii oamenilor din zon\u0103.<br \/>\n\u201cRaportul cu oamenii m-a atras foarte tare. Am avut o preceden\u0163\u0103 \u00een colaborarea cu femeile de aici, iar corectitudinea, calitatea, con\u015ftiinciozitatea precum \u015fi talentul  lor \u00eenn\u0103scut m-au convins. Bunul sim\u0163, educa\u0163ia, credin\u0163a acestor oameni sunt valori pe care ast\u0103zi le \u00eent\u00e2lnim foarte rar, dar care sunt foarte importante pentru a construi ceva durabil. Le mul\u0163umesc tuturor celor care m-au ajutat \u015fi f\u0103r\u0103 de care nu a\u015f fi reu\u015fit, fetelor, dar \u015fi conducerii administra\u0163iei locale, care ne-a dat tot concursul pentru a pune pe picioare acest atelier.<\/p>\n<p>Avem mult de munc\u0103 \u015fi multe de \u00eenv\u0103\u0163at, dar sper s\u0103 reu\u015fim. Cel mai important este c\u0103 avem pia\u0163a asigurat\u0103, produsele noastre ajung\u00e2nd la case de mod\u0103 celebre: Benetton, Prada, Luisa Spagnoli, Max Mara, Valentino. Italienii ne-au ajutat cu utilajele necesare, care sunt ma\u015fini de cusut de ultim\u0103 genera\u0163ie, precum \u015fi cu resursa uman\u0103 &#8211; o doamn\u0103 minunat\u0103 care le instruie\u015fte pe fete. \u00cemi doresc ca toat\u0103 lumea s\u0103 fie mul\u0163umit\u0103 \u015fi s\u0103 reu\u015fim Cred c\u0103 acest atelier de tricotaje reprezint\u0103 o ramp\u0103 de lansare pentru noi to\u0163i de aici.\u201d<br \/>\n<a href=\"http:\/\/www.primariacorbi.com\/?attachment_id=6243\" rel=\"attachment wp-att-6243\"><img loading=\"lazy\" decoding=\"async\" src=\"http:\/\/www.primariacorbi.com\/wp-content\/uploads\/2015\/04\/corbi_1.jpg\" alt=\"corbi_1\" width=\"600\" height=\"400\" class=\"aligncenter size-full wp-image-6243\" srcset=\"https:\/\/www.primariacorbi.com\/wp-content\/uploads\/2015\/04\/corbi_1.jpg 600w, https:\/\/www.primariacorbi.com\/wp-content\/uploads\/2015\/04\/corbi_1-300x200.jpg 300w, https:\/\/www.primariacorbi.com\/wp-content\/uploads\/2015\/04\/corbi_1-120x80.jpg 120w\" sizes=\"auto, (max-width: 600px) 100vw, 600px\" \/><\/a><br \/>\n\u00cen stil tradi\u0163ional,  pentru noroc \u015fi bun\u0103stare, la deschidere, atelierul a fost sfin\u0163it, slujba fiind un moment emo\u0163ionant at\u00e2t pentru angajate, c\u00e2t \u015fi pentru invita\u0163i. Primarul localit\u0103\u0163ii Corbi, Virgil Baciu a salutat ini\u0163iativa privat\u0103 \u015fi a \u0163inut s\u0103 le ureze c\u00e2teva cuvinte celor implica\u0163i \u00een aceast\u0103 mic\u0103 afacere: \u201c\u00cen primul r\u00e2nd trebuie s\u0103 adresez felicit\u0103ri doamnei Preda, pentru curajul de a investi, precum \u015fi partenerilor italieni, care ne \u00eemprumut\u0103 din experien\u0163a lor. Este mult mai dificil dec\u00e2t pare s\u0103 fii om de afaceri. V\u0103 spune cineva care face parte din aceast\u0103 categorie cu mult timp \u00eenainte de a fi primar. Eu \u015ftiu ce \u00eenseamn\u0103 s\u0103 pl\u0103te\u015fti salarii, s\u0103 ai grij\u0103 ca lucrurile s\u0103 evolueze zi de zi, s\u0103 te zba\u0163i nu doar pentru tine, ci pentru to\u0163i angaja\u0163ii. V\u0103 spun cu toat\u0103 obiectivitatea, c\u00e2nd o persoan\u0103 alege s\u0103 investeasc\u0103, nu pune la b\u0103taie doar resursele materiale, ci mai ales cele fizice, cele morale, cele intelectuale. Realitatea este c\u0103 ar trebui s\u0103 ne uit\u0103m la astfel de oameni ca la icoane, pentru c\u0103 ei sunt cei care creeaz\u0103 plus valoare, pentru c\u0103 ei reprezint\u0103 motorul economiei, pentru c\u0103 de ei depinde dezvoltarea. 24 de locuri de munc\u0103 create aici la Corbi \u00eenseamn\u0103 foarte mult pentru to\u0163i. Primii beneficiari sunte\u0163i dumneavoastr\u0103, angaja\u0163ii, care primi\u0163i salarii.<br \/>\nFamiliile dumneavoastr\u0103 o vor duce mai bine prin ace\u015fti bani pe care \u00eei ve\u0163i c\u00e2\u015ftiga. Apoi, \u00eentreaga comunitate are de c\u00e2\u015ftigat prin impozitele \u015fi taxele care vor veni la buget, sume pe care noi, administra\u0163ia, le vom investi pentru localitate. Ave\u0163i tot sprijinul nostru, al Prim\u0103riei \u015fi al Consiliului Local, al comunit\u0103\u0163ii, necondi\u0163ionat. M-a\u015f bucura foarte mult s\u0103 ave\u0163i puterea psihic\u0103 s\u0103 v\u0103 omogeniza\u0163i ca echip\u0103 \u015fi s\u0103 v\u0103 ridica\u0163i la nivelul cerut. Femeile din Corbi sunt cunoscute pentru \u00eendem\u00e2narea lor, dar acum trebuie s\u0103 trecem la alt nivel, de la cel de amator, la profesionist. E nevoie de disciplin\u0103, de munc\u0103, de con\u015ftiinciozitate, astfel ca afacerea s\u0103 fie pe profit \u015fi s\u0103 se extind\u0103\u201d, a spus primarul Virgil Baciu.<\/p>\n","protected":false},"excerpt":{"rendered":"<p>Comuna Corbi a mai f\u0103cut un pas spre progres. Deschiderea unei sec\u0163ii de tricotaje, ce are pia\u0163a de desfacere asigurat\u0103 pentru firme de renume mondial, precum Prada sau Valentino, a \u00eensemnat nu doar crearea a peste 20 de locuri de munc\u0103, ci a deschis calea spre o nou\u0103 viziune a ceea ce \u00eenseamn\u0103 dezvoltare s\u0103n\u0103toas\u0103, [&#8230;]<\/p>\n","protected":false},"author":1,"featured_media":0,"comment_status":"open","ping_status":"open","sticky":false,"template":"","format":"standard","meta":{"_monsterinsights_skip_tracking":false,"_monsterinsights_sitenote_active":false,"_monsterinsights_sitenote_note":"","_monsterinsights_sitenote_category":0,"footnotes":""},"categories":[3],"tags":[1008],"class_list":["post-6241","post","type-post","status-publish","format-standard","hentry","category-general","tag-prada-si-valentino"],"aioseo_notices":[],"_links":{"self":[{"href":"https:\/\/www.primariacorbi.com\/index.php?rest_route=\/wp\/v2\/posts\/6241","targetHints":{"allow":["GET"]}}],"collection":[{"href":"https:\/\/www.primariacorbi.com\/index.php?rest_route=\/wp\/v2\/posts"}],"about":[{"href":"https:\/\/www.primariacorbi.com\/index.php?rest_route=\/wp\/v2\/types\/post"}],"author":[{"embeddable":true,"href":"https:\/\/www.primariacorbi.com\/index.php?rest_route=\/wp\/v2\/users\/1"}],"replies":[{"embeddable":true,"href":"https:\/\/www.primariacorbi.com\/index.php?rest_route=%2Fwp%2Fv2%2Fcomments&post=6241"}],"version-history":[{"count":1,"href":"https:\/\/www.primariacorbi.com\/index.php?rest_route=\/wp\/v2\/posts\/6241\/revisions"}],"predecessor-version":[{"id":6244,"href":"https:\/\/www.primariacorbi.com\/index.php?rest_route=\/wp\/v2\/posts\/6241\/revisions\/6244"}],"wp:attachment":[{"href":"https:\/\/www.primariacorbi.com\/index.php?rest_route=%2Fwp%2Fv2%2Fmedia&parent=6241"}],"wp:term":[{"taxonomy":"category","embeddable":true,"href":"https:\/\/www.primariacorbi.com\/index.php?rest_route=%2Fwp%2Fv2%2Fcategories&post=6241"},{"taxonomy":"post_tag","embeddable":true,"href":"https:\/\/www.primariacorbi.com\/index.php?rest_route=%2Fwp%2Fv2%2Ftags&post=6241"}],"curies":[{"name":"wp","href":"https:\/\/api.w.org\/{rel}","templated":true}]}}