{"id":6237,"date":"2015-04-01T13:07:15","date_gmt":"2015-04-01T10:07:15","guid":{"rendered":"http:\/\/www.primariacorbi.com\/?p=6237"},"modified":"2015-04-01T13:07:15","modified_gmt":"2015-04-01T10:07:15","slug":"haine-pentru-marci-precum-benetton-prada-luisa-spagnoli-si-max-mara-produse-la-corbi-2","status":"publish","type":"post","link":"https:\/\/www.primariacorbi.com\/?p=6237","title":{"rendered":"Haine pentru m\u0103rci precum Benetton, Prada, Luisa Spagnoli \u015fi Max Mara &#8211; produse la Corbi"},"content":{"rendered":"<p>S\u0103pt\u0103m\u00e2na trecut\u0103, o sec\u0163ie de tricotaje \u015fi-a deschis por\u0163ile \u00een comuna Corbi, unde au fost create peste 20 de noi locuri de munc\u0103.<\/p>\n<p>Chiar dac\u0103 se afl\u0103 la zeci de kilometri distan\u0163\u0103 de principalele ora\u015fe din Arge\u015f, comuna Corbi a fost aleas\u0103, \u00een detrimentul municipiului Curtea de Arge\u015f, de un investitor italian, la propunerea partenerului din Rom\u00e2nia, pentru deschiderea unei sec\u0163ii de tricotaje. Atuul principal, spune partenerul din Rom\u00e2nia, al comunei Corbi l-a reprezentat m\u00e2na de lucru calificat\u0103, d\u0103ruin\u0163a oamenilor de a muncii \u015fi nu \u00een ultimul r\u00e2nd condi\u0163iile \u015fi peisajul superb de care beneficiaz\u0103 aceast\u0103 comun\u0103 mirific\u0103.<br \/>\n<a href=\"http:\/\/www.primariacorbi.com\/?attachment_id=6224\" rel=\"attachment wp-att-6224\"><img loading=\"lazy\" decoding=\"async\" class=\"aligncenter  wp-image-6224\" src=\"http:\/\/www.primariacorbi.com\/wp-content\/uploads\/2015\/04\/8-01.jpg\" alt=\"8-01\" width=\"483\" height=\"276\" srcset=\"https:\/\/www.primariacorbi.com\/wp-content\/uploads\/2015\/04\/8-01.jpg 350w, https:\/\/www.primariacorbi.com\/wp-content\/uploads\/2015\/04\/8-01-300x171.jpg 300w\" sizes=\"auto, (max-width: 483px) 100vw, 483px\" \/><\/a><\/p>\n<p>\u00cen aceast\u0103 sec\u0163ie de tricotaje se va lucra numai pentru export pentru firme precum Benetton, Prada, Luisa Spagnoli \u015fi Max Mara, branduri de renume pe plan interna\u0163ional.<br \/>\n,,Partenerul din Italia mi-a propus deschiderea acestei sec\u0163ii de tricotaje cu utilaje de ultim\u0103 genera\u0163ie asigurate de el. Este un pionierat pentru c\u0103 \u00een jude\u0163 nu mai este nicio societate care s\u0103 desf\u0103\u015foare o activitate de genul acesta. Sunt croitorii, dar nu pe tricotaje. Este o opera\u0163ie specific\u0103 acestei zone. Fetele de aici au r\u0103spuns pozitiv, \u00een sensul c\u0103 s-au ar\u0103tat doritoare de a ob\u0163ine un loc de munc\u0103\u201d,\u00a0 e explicat Mariana Preda, partenera de afaceri a investitorului din Italia.<\/p>\n<p><strong>Comuna Corbi \u00een detrimentul municipiului Curtea de Arge\u015f<\/strong><\/p>\n<p>Oamenii locului, peisajul mirific \u015fi dezvoltarea edilitar\u0103 de care se bucur\u0103 comuna Corbi, toate acestea au f\u0103cut s\u0103 fie aleas\u0103 de investitorul italian \u00een detrimentul municipiului Curtea de Arge\u015f pentru aceast\u0103 investi\u0163ie, care are mari perspective de dezvoltare. ,,Partenerul meu din Italia al acestei afaceri a venit pentru a vedea zona \u015fi a fost foarte \u00eenc\u00e2ntat de ce a g\u0103sit aici. Ini\u0163ial, eu g\u0103sisem un spa\u0163iu \u00een Curtea de Arge\u015f. Era un spa\u0163iu foarte elevat cu condi\u0163ii \u015fi tot ce trebuie, dar dumnealui nu a fost de acord pentru c\u0103 am \u00eent\u00e2mpinat o mare problem\u0103 \u015fi anume, m\u00e2na de lucru. Nu am g\u0103sit oameni cu care s\u0103 \u00eencep activitatea. Aici am \u00eent\u00e2lnit voin\u0163\u0103 din partea fetelor, dar \u015fi \u00eendem\u00e2nare. Sunt bucuroase de ceea ce fac.<br \/>\n\u00cen ziua inaugur\u0103rii, mi-a pl\u0103cut foarte mult afirma\u0163ia domnului primar care a spus c\u0103 aceste persoane trec de la un nivel inferior la un nivel superior. A fost o compara\u0163ie fantastic\u0103 pentru c\u0103 de c\u00e2te ori am trecut prin comun\u0103, de at\u00e2tea ori am v\u0103zut foarte multe femei care lucrau la andrele, iar acum s\u0103 lucreze la o ma\u015fin\u0103 de genul acesta, eu zic c\u0103 este o evolu\u0163ie\u201d, ne-a mai m\u0103rturisit doamna Preda, \u00eenc\u00e2ntat\u0103 de ceea ce a g\u0103sit \u00een comuna Corbi.<\/p>\n<p><strong>Firul autohton din l\u00e2n\u0103, produs cu fuiorul, v\u00e2ndut \u00een Italia<\/strong><\/p>\n<p>Oamenii din comuna Corbise ocup\u0103, \u00een cea mai mare parte,\u00a0 cu cre\u015fterea ovinelor, fapt pentru care sunt \u015fi cei mai renumi\u0163i produc\u0103tori de produse autohtone din l\u00e2n\u0103, diferite haine, de la ciorapi p\u00e2n\u0103 la pulovere, care mai de care mai brodate. \u00cen urma deschiderii acestei sec\u0163ii de tricotaje \u00een comuna Corbi, angajatele din zon\u0103 au adus diferite fire din l\u00e2n\u0103, produc\u0163ie proprie, ce au fost trimise \u00een Italia drept mostre pentru confec\u0163ionarea de fulare \u015fi c\u0103ciuli.<br \/>\n,,Fetele de aici au pus la dispozi\u0163ie \u015fi firele lor, f\u0103cute de ele, din l\u00e2n\u0103. Aceste fire au fost trimise \u00een Italia pentru mostre, iar acum a\u015ftept\u0103m o comand\u0103 care am \u00een\u0163eles c\u0103 este destul de mare\u201d, a mai declarat doamna Mariana Preda.<\/p>\n<p><strong>,,Pentru noi, ca administra\u0163ie local\u0103, acest lucru\u00a0 reprezint\u0103 o mare bucurie \u015fi satisfac\u0163ie\u201d<\/strong><\/p>\n<p>Pe l\u00e2ng\u0103 bucuria citit\u0103 pe fa\u0163a femeilor care lucrau \u00een acea sec\u0163ie de tricotaje c\u0103 \u015fi-au g\u0103sit un loc de munc\u0103, mai bucuros dec\u00e2t toate femeile din acea sec\u0163ie de tricotaje, este primarul comunei Corbi, Virgil Baciu, satisf\u0103cut de rodul muncii sale \u00een dezvoltarea durabil\u0103 a comunei.<br \/>\n,,Pentru noi, ca \u015fi administra\u0163ie local\u0103, acest lucru reprezint\u0103 o mare bucurie \u015fi satisfac\u0163ie. Este vorba de noi locuri de munc\u0103 pentru cet\u0103\u0163enii din aceast\u0103 comun\u0103. \u015ei un loc de munc\u0103 dac\u0103 se creeaz\u0103, \u00een perioada aceasta de criz\u0103, pentru noi este un lucru extraordinar. C\u00e2nd am auzit, c\u0103 de \u00eenceput, se vor crea peste 20 de noi locuri de munc\u0103, am fost foarte \u00eenc\u00e2ntat \u015fi am \u00eencercat s\u0103 sprijin pe c\u00e2t posibil acest demers. Eu i-am mul\u0163umit doamnei Preda c\u0103 a ales comuna Corbi, c\u0103 a investit bani \u015fi resurs\u0103 fizic\u0103. Nu este a\u015fa u\u015for s\u0103 ini\u0163iezi o afacere pe care s\u0103 o pui pe picioare \u015fi s\u0103 func\u0163ioneze. Pentru noi a fost cea mai mare bucurie\u201d, ne-a declarat Virgil Baciu, primarul comunei Corbi, \u00eenc\u00e2ntat de aceast\u0103 investi\u0163ie.<br \/>\nLucian GHERGU\u015e<\/p>\n","protected":false},"excerpt":{"rendered":"<p>S\u0103pt\u0103m\u00e2na trecut\u0103, o sec\u0163ie de tricotaje \u015fi-a deschis por\u0163ile \u00een comuna Corbi, unde au fost create peste 20 de noi locuri de munc\u0103.<br \/>\nChiar dac\u0103 se afl\u0103 la zeci de kilometri distan\u0163\u0103 de principalele ora\u015fe din Arge\u015f, comuna Corbi a fost aleas\u0103, \u00een detrimentul municipiului Curtea de Arge\u015f, de un investitor italian, la propunerea partenerului din [&#8230;]<\/p>\n","protected":false},"author":1,"featured_media":0,"comment_status":"open","ping_status":"open","sticky":false,"template":"","format":"standard","meta":{"_monsterinsights_skip_tracking":false,"_monsterinsights_sitenote_active":false,"_monsterinsights_sitenote_note":"","_monsterinsights_sitenote_category":0,"footnotes":""},"categories":[3],"tags":[1005],"class_list":["post-6237","post","type-post","status-publish","format-standard","hentry","category-general","tag-haine-corbi"],"aioseo_notices":[],"_links":{"self":[{"href":"https:\/\/www.primariacorbi.com\/index.php?rest_route=\/wp\/v2\/posts\/6237","targetHints":{"allow":["GET"]}}],"collection":[{"href":"https:\/\/www.primariacorbi.com\/index.php?rest_route=\/wp\/v2\/posts"}],"about":[{"href":"https:\/\/www.primariacorbi.com\/index.php?rest_route=\/wp\/v2\/types\/post"}],"author":[{"embeddable":true,"href":"https:\/\/www.primariacorbi.com\/index.php?rest_route=\/wp\/v2\/users\/1"}],"replies":[{"embeddable":true,"href":"https:\/\/www.primariacorbi.com\/index.php?rest_route=%2Fwp%2Fv2%2Fcomments&post=6237"}],"version-history":[{"count":1,"href":"https:\/\/www.primariacorbi.com\/index.php?rest_route=\/wp\/v2\/posts\/6237\/revisions"}],"predecessor-version":[{"id":6238,"href":"https:\/\/www.primariacorbi.com\/index.php?rest_route=\/wp\/v2\/posts\/6237\/revisions\/6238"}],"wp:attachment":[{"href":"https:\/\/www.primariacorbi.com\/index.php?rest_route=%2Fwp%2Fv2%2Fmedia&parent=6237"}],"wp:term":[{"taxonomy":"category","embeddable":true,"href":"https:\/\/www.primariacorbi.com\/index.php?rest_route=%2Fwp%2Fv2%2Fcategories&post=6237"},{"taxonomy":"post_tag","embeddable":true,"href":"https:\/\/www.primariacorbi.com\/index.php?rest_route=%2Fwp%2Fv2%2Ftags&post=6237"}],"curies":[{"name":"wp","href":"https:\/\/api.w.org\/{rel}","templated":true}]}}