{"id":6187,"date":"2015-03-18T11:22:58","date_gmt":"2015-03-18T09:22:58","guid":{"rendered":"http:\/\/www.primariacorbi.com\/?p=6187"},"modified":"2015-03-18T11:23:33","modified_gmt":"2015-03-18T09:23:33","slug":"plati-pe-ferma-din-2020","status":"publish","type":"post","link":"https:\/\/www.primariacorbi.com\/?p=6187","title":{"rendered":"Pl\u0103\u021bi pe ferm\u0103, din 2020"},"content":{"rendered":"<p>Rom\u00e2nia trebuie s\u0103 \u00eenceap\u0103 cadastrarea terenurilor agricole \u00een 2015 deoarece, din 2020, pl\u0103\u021bile \u00een agricultur\u0103 se vor face pe exploata\u021bie \u0219i nu pe unitatea de suprafa\u021b\u0103, afirm\u0103 secretarul de stat \u00een MADR Daniel Bot\u0103noiu.<\/p>\n<p><a href=\"http:\/\/www.primariacorbi.com\/?attachment_id=6188\" rel=\"attachment wp-att-6188\"><img loading=\"lazy\" decoding=\"async\" class=\"aligncenter size-full wp-image-6188\" src=\"http:\/\/www.primariacorbi.com\/wp-content\/uploads\/2015\/03\/aa.jpg\" alt=\"aa\" width=\"250\" height=\"190\" \/><\/a><\/p>\n<p>\u201eAvem deja pe circuit un proiect de Hot\u0103r\u00e2re de Guvern al Agen\u021biei Na\u021bionale de Cadastru \u0219i Publicitate Imobiliar\u0103 (ANCPI), pentru c\u0103 ei se ocup\u0103 cu terenurile din extravilan. (&#8230;) Sigur nu se va finaliza \u00een 2015, cel t\u00e2rziu \u00een 2018. (&#8230;) Dac\u0103 nu avem finalizat\u0103 cadastrarea p\u00e2n\u0103 \u00een 2020, pl\u0103\u021bile nu se mai fac pe unitatea de suprafa\u021b\u0103 \u0219i este logic pentru c\u0103, nef\u0103c\u00e2ndu-se pe unitatea de suprafa\u021b\u0103 sau pe cap de animal, ci pe exploata\u021bie, nu o s\u0103 mai po\u021bi s\u0103 dovede\u0219ti exploata\u021bia ta\u201d, a explicat Bot\u0103noiu, citat de Agerpres.<br \/>\nCadastrarea cost\u0103 30 euro\/ha. Potrivit lui Bot\u0103noiu, costurile au fost estimate la 30 euro\/ha. Fondurile necesare pentru cadastrarea celor 14 mil. ha de extravilan, arabil plus agricol, se ridic\u0103 la 415 mil. euro, din care 265 mil. de euro din fonduri europene pe dezvoltare regional\u0103 \u0219i 150 mil. euro de la ANCPI.<\/p>\n<p>Ferma<\/p>\n","protected":false},"excerpt":{"rendered":"<p>Rom\u00e2nia trebuie s\u0103 \u00eenceap\u0103 cadastrarea terenurilor agricole \u00een 2015 deoarece, din 2020, pl\u0103\u021bile \u00een agricultur\u0103 se vor face pe exploata\u021bie \u0219i nu pe unitatea de suprafa\u021b\u0103, afirm\u0103 secretarul de stat \u00een MADR Daniel Bot\u0103noiu.<\/p>\n<p>\u201eAvem deja pe circuit un proiect de Hot\u0103r\u00e2re de Guvern al Agen\u021biei Na\u021bionale de Cadastru \u0219i Publicitate Imobiliar\u0103 (ANCPI), pentru c\u0103 ei [&#8230;]<\/p>\n","protected":false},"author":1,"featured_media":0,"comment_status":"open","ping_status":"open","sticky":false,"template":"","format":"standard","meta":{"_monsterinsights_skip_tracking":false,"_monsterinsights_sitenote_active":false,"_monsterinsights_sitenote_note":"","_monsterinsights_sitenote_category":0,"footnotes":""},"categories":[3],"tags":[996,995,997,994],"class_list":["post-6187","post","type-post","status-publish","format-standard","hentry","category-general","tag-996","tag-cadastru","tag-cadastru-ferma","tag-plati-pe-ferma"],"aioseo_notices":[],"_links":{"self":[{"href":"https:\/\/www.primariacorbi.com\/index.php?rest_route=\/wp\/v2\/posts\/6187","targetHints":{"allow":["GET"]}}],"collection":[{"href":"https:\/\/www.primariacorbi.com\/index.php?rest_route=\/wp\/v2\/posts"}],"about":[{"href":"https:\/\/www.primariacorbi.com\/index.php?rest_route=\/wp\/v2\/types\/post"}],"author":[{"embeddable":true,"href":"https:\/\/www.primariacorbi.com\/index.php?rest_route=\/wp\/v2\/users\/1"}],"replies":[{"embeddable":true,"href":"https:\/\/www.primariacorbi.com\/index.php?rest_route=%2Fwp%2Fv2%2Fcomments&post=6187"}],"version-history":[{"count":1,"href":"https:\/\/www.primariacorbi.com\/index.php?rest_route=\/wp\/v2\/posts\/6187\/revisions"}],"predecessor-version":[{"id":6189,"href":"https:\/\/www.primariacorbi.com\/index.php?rest_route=\/wp\/v2\/posts\/6187\/revisions\/6189"}],"wp:attachment":[{"href":"https:\/\/www.primariacorbi.com\/index.php?rest_route=%2Fwp%2Fv2%2Fmedia&parent=6187"}],"wp:term":[{"taxonomy":"category","embeddable":true,"href":"https:\/\/www.primariacorbi.com\/index.php?rest_route=%2Fwp%2Fv2%2Fcategories&post=6187"},{"taxonomy":"post_tag","embeddable":true,"href":"https:\/\/www.primariacorbi.com\/index.php?rest_route=%2Fwp%2Fv2%2Ftags&post=6187"}],"curies":[{"name":"wp","href":"https:\/\/api.w.org\/{rel}","templated":true}]}}