{"id":6181,"date":"2015-02-02T13:06:17","date_gmt":"2015-02-02T11:06:17","guid":{"rendered":"http:\/\/www.primariacorbi.com\/?p=6181"},"modified":"2015-02-02T13:10:57","modified_gmt":"2015-02-02T11:10:57","slug":"corbi-baciu-printre-primarii-argeseni-revoltati","status":"publish","type":"post","link":"https:\/\/www.primariacorbi.com\/?p=6181","title":{"rendered":"Corbi: Baciu, printre primarii arge\u015feni revolta\u0163i\u00a0"},"content":{"rendered":"<p>La Colegiul prefectural de s\u0103pt\u0103m\u00e2na trecut\u0103 s-au manifestat destule nemul\u0163umiri fa\u0163\u0103 de sumele primite pentru echilibrarea bugetelor. Anul acesta ele au venit prin reparti\u0163ie direct\u0103 de la bugetul na\u0163ional \u015fi nu prin bugetul jude\u0163ean. Din cele 95 comune arge\u015fene numai 33 sunt pe plus fa\u0163\u0103 de 2014, restul de 62 sunt la limita supravie\u0163uirii. Primarul Doru Radu, de la Suseni, a ridicat steagul r\u0103zvr\u0103tirii, eviden\u0163iind faptul c\u0103 bugetul pentru anul \u00een curs va fi cu vreo 9 miliarde lei vechi mai mic.<\/p>\n<p><a href=\"http:\/\/www.primariacorbi.com\/?attachment_id=5594\" rel=\"attachment wp-att-5594\"><img loading=\"lazy\" decoding=\"async\" class=\"aligncenter  wp-image-5594\" src=\"http:\/\/www.primariacorbi.com\/wp-content\/uploads\/2014\/02\/corbi-1024x768.jpg\" alt=\"corbi\" width=\"654\" height=\"490\" srcset=\"https:\/\/www.primariacorbi.com\/wp-content\/uploads\/2014\/02\/corbi-1024x768.jpg 1024w, https:\/\/www.primariacorbi.com\/wp-content\/uploads\/2014\/02\/corbi-300x225.jpg 300w, https:\/\/www.primariacorbi.com\/wp-content\/uploads\/2014\/02\/corbi-160x120.jpg 160w\" sizes=\"auto, (max-width: 654px) 100vw, 654px\" \/><\/a><\/p>\n<p>O situa\u0163ie similar\u0103 se reg\u0103se\u015fte \u015fi la Corbi, unde proiec\u0163ia bugetului pentru 2015, f\u0103cut\u0103 pe baza anun\u0163\u0103rii sumelor oficiale va suferi o diminuare cu vreo 7-8 miliarde lei. Primarul Virgil Baciu a atras aten\u0163ia asupra unei filozofii bugetare care nu este corect fundamentat\u0103, c\u00e2t\u0103 vreme s-au luat \u00een calcul \u015fi veniturile ocazionale c\u00e2nd, logic ar fi fost s\u0103 se ia ca baz\u0103 de calcul cele permanente. Adic\u0103, nu \u015fi unele v\u00e2nz\u0103ri de terenuri sau redeven\u0163e pentru care contractele pot expira sau orice alte tranzac\u0163ii de genul comercializ\u0103rii unor bunuri. O alt\u0103 surs\u0103 de nemul\u0163umire a fost generat\u0103 de obliga\u0163ia formulat\u0103 pe ton de ultimatum ca prim\u0103riile s\u0103 semneze contractul cu ARA SOFTWARE, prin care se asigur\u0103 conectarea la sistemul informa\u0163ional jude\u0163ean, p\u00e2n\u0103 la data de 1 februarie. \u00cen caz contrar riscau \u00a0deconectarea.<\/p>\n<p>Primarul Baciu a eviden\u0163iat faptul c\u0103 se creaz\u0103 astfel o presiune bugetar\u0103 nejustificat\u0103, eviden\u0163iind faptul c\u0103 anul trecut Prim\u0103ria Corbi a pl\u0103tit pentru \u00eentre\u0163inerea acestui sistem informa\u0163ional aproape 700 milioane lei vechi, \u00een condi\u0163iile \u00een care existau pe pia\u0163\u0103 oferte ale unor operatori priva\u0163i de 4-5 ori mai mici. Acestea le sunt interzise \u00eens\u0103 prim\u0103riilor, de parc\u0103 nu s-ar fi auzit \u00eenc\u0103 de pia\u0163a concuren\u0163ial\u0103, \u00een care corectitudinea este dat\u0103 de acceptarea unor pre\u0163uri stabilite pe raportul dintre ofert\u0103 \u015fi pre\u0163 \u015fi nu pe ochi frumo\u015fi. Protestatarilor li s-a r\u0103spuns c\u0103 va fi organizat\u0103 o \u00eent\u00e2lnire \u00een 5 februarie cu un secretar de stat din Ministerul Finan\u0163elor pentru l\u0103murirea unor probleme.<\/p>\n<p>A doua zi, vineri, Virgil Baciu a fost \u00eemputernicit de ceilal\u0163i primari s\u0103 le sus\u0163in\u0103 cauza la \u00eent\u00e2lnirea cu reprezentan\u0163ii Consiliului Jude\u0163ean, dup\u0103 discu\u0163iile purtate \u015fi cu cei de la Trezorerie. Ini\u0163ial, nemul\u0163umi\u0163ii au avansat propunerea ca pre\u0163ul pentru ARA SOFTWARE s\u0103 fie comparabil cu cel oferit de ceilal\u0163i operatori priva\u0163i, adic\u0103 de 1.800 lei + TVA lunar, nu de 4.500 + TVA sau, dac\u0103 nu, s\u0103 se diminueze cu 25% suma anual\u0103 de 670 milioane lei vechi. Cum nu s-a ajuns la o \u00een\u0163elegere, acesta a p\u0103r\u0103sit sala. &#8222;Acum solicit un ultim r\u0103spuns oficial la propunerile avansate, pentru c\u0103 nu mai pot crede \u00een promisiuni verbale, f\u0103r\u0103 acoperire, cum c\u0103 totul se va rezolva prin cine \u015ftie ce rectific\u0103ri bugetare \u00een var\u0103. Planurile noastre de dezvoltare pentru 2015 sunt date acum peste cap. Dac\u0103 nu se schimb\u0103 ceva p\u00e2n\u0103 la \u015fedin\u0163a din 9 februarie, vom avea un buget fundamentat pe date clare de circa 17 miliarde lei vechi, mult mai mic dec\u00e2t cel precedent. Repet: eu cred c\u0103 legea asta, care mi se pare str\u00e2mb\u0103 \u00een ceea ce prive\u015fte deciderea valorii surselor de echilibrare a bugetelor, trebuie g\u00e2ndit\u0103 pe veniturile proprii permanente &#8211; taxe \u015fi impozite locale percepute pe terenuri, cl\u0103diri, mijloace de transport \u015f.a.m.d. \u015fi nu pe cele ocazionale, care pot s\u0103 dispar\u0103 de la un an la altul, \u015fi care n-ar trebui s\u0103 fie luate \u00een calcul&#8221;. Primarul Baciu a mai spus c\u0103 nu se a\u015fteapt\u0103 la cine \u015ftie ce minuni de la \u00eent\u00e2lnirea cu secretarul de stat din Ministerul Finan\u0163elor, programat\u0103 pentru ziua de joi.<\/p>\n<p>ziarul: \u00a0http:\/\/www.argesexpres.ro\/ &#8211; Doru Bobi<\/p>\n<p>&nbsp;<\/p>\n","protected":false},"excerpt":{"rendered":"<p>La Colegiul prefectural de s\u0103pt\u0103m\u00e2na trecut\u0103 s-au manifestat destule nemul\u0163umiri fa\u0163\u0103 de sumele primite pentru echilibrarea bugetelor. Anul acesta ele au venit prin reparti\u0163ie direct\u0103 de la bugetul na\u0163ional \u015fi nu prin bugetul jude\u0163ean. Din cele 95 comune arge\u015fene numai 33 sunt pe plus fa\u0163\u0103 de 2014, restul de 62 sunt la limita supravie\u0163uirii. Primarul [&#8230;]<\/p>\n","protected":false},"author":1,"featured_media":0,"comment_status":"open","ping_status":"open","sticky":false,"template":"","format":"standard","meta":{"_monsterinsights_skip_tracking":false,"_monsterinsights_sitenote_active":false,"_monsterinsights_sitenote_note":"","_monsterinsights_sitenote_category":0,"footnotes":""},"categories":[3],"tags":[993],"class_list":["post-6181","post","type-post","status-publish","format-standard","hentry","category-general","tag-primar-corbi"],"aioseo_notices":[],"_links":{"self":[{"href":"https:\/\/www.primariacorbi.com\/index.php?rest_route=\/wp\/v2\/posts\/6181","targetHints":{"allow":["GET"]}}],"collection":[{"href":"https:\/\/www.primariacorbi.com\/index.php?rest_route=\/wp\/v2\/posts"}],"about":[{"href":"https:\/\/www.primariacorbi.com\/index.php?rest_route=\/wp\/v2\/types\/post"}],"author":[{"embeddable":true,"href":"https:\/\/www.primariacorbi.com\/index.php?rest_route=\/wp\/v2\/users\/1"}],"replies":[{"embeddable":true,"href":"https:\/\/www.primariacorbi.com\/index.php?rest_route=%2Fwp%2Fv2%2Fcomments&post=6181"}],"version-history":[{"count":3,"href":"https:\/\/www.primariacorbi.com\/index.php?rest_route=\/wp\/v2\/posts\/6181\/revisions"}],"predecessor-version":[{"id":6184,"href":"https:\/\/www.primariacorbi.com\/index.php?rest_route=\/wp\/v2\/posts\/6181\/revisions\/6184"}],"wp:attachment":[{"href":"https:\/\/www.primariacorbi.com\/index.php?rest_route=%2Fwp%2Fv2%2Fmedia&parent=6181"}],"wp:term":[{"taxonomy":"category","embeddable":true,"href":"https:\/\/www.primariacorbi.com\/index.php?rest_route=%2Fwp%2Fv2%2Fcategories&post=6181"},{"taxonomy":"post_tag","embeddable":true,"href":"https:\/\/www.primariacorbi.com\/index.php?rest_route=%2Fwp%2Fv2%2Ftags&post=6181"}],"curies":[{"name":"wp","href":"https:\/\/api.w.org\/{rel}","templated":true}]}}